{"id":116404,"date":"2021-05-08T06:00:00","date_gmt":"2021-05-08T10:00:00","guid":{"rendered":"https:\/\/linitiative.ca\/International\/peut-etre-nen-aura-t-on-pas-besoin\/"},"modified":"2021-05-08T06:00:00","modified_gmt":"2021-05-08T10:00:00","slug":"peut-etre-nen-aura-t-on-pas-besoin","status":"publish","type":"post","link":"https:\/\/linitiative.ca\/International\/peut-etre-nen-aura-t-on-pas-besoin\/","title":{"rendered":"Peut-\u00eatre n\u2019en aura-t-on pas besoin ?"},"content":{"rendered":"<p class=\"c3\">La rumeur avait commenc\u00e9 \u00e0 courir selon laquelle on n&rsquo;achetait pas de PCR pour des besoins d\u2019\u00e9conomie. Ensuite, on a parl\u00e9 de faibles quantit\u00e9s distribu\u00e9es gratuitement \u00e0 l\u2019Alg\u00e9rie, en guise d\u2019aide aux h\u00f4pitaux, et que ces derni\u00e8res \u00e9taient d\u00e9tourn\u00e9es \u00e0 des fins de revente au noir ou dans le meilleur des cas pour tester les proches.\u00a0<br \/>Aujourd\u2019hui, on attend le vaccin. Mais puisque la situation ne serait pas aussi alarmante que le pr\u00e9disent ceux qui c\u00f4toient le mal au quotidien, il n\u2019y aurait pas urgence \u00e0 en importer pour tout le monde. On peut toujours s\u2019inscrire et attendre. Certes, on ne nous le dit pas en ces termes mais quand on nous affirme, c\u2019\u00e9tait encore le cas il y a quelques jours, que seules 5 personnes sont d\u00e9c\u00e9d\u00e9es du Covid en 24 heures, cela signifie clairement que le virus qui, ailleurs, emporte \u00e0 tour de bras ne s\u00e9vit pas ou a \u00e9t\u00e9 vaincu chez nous. Par quel miracle ? Inutile de chercher plus parce qu\u2019il serait miraculeux que le mal ait \u00e0 ce point \u00e9pargn\u00e9 le pays. Sinon comment expliquer que des variants britannique, indien, sud-africain, etc. aient r\u00e9ussi \u00e0 franchir des fronti\u00e8res herm\u00e9tiques, que l\u2019on dit avoir s\u00e9v\u00e8rement ferm\u00e9es ? N\u2019est-ce pas que tous les experts ont vite conclu \u00e0 propos du m\u00e9chant virus, depuis qu\u2019il s\u2019est mis en t\u00eate de d\u00e9cimer, sans distinction, des populations enti\u00e8res, qu\u2019il se transmet par la proximit\u00e9, quand quelqu\u2019un postillonne sur les gens qui l\u2019entourent ou par contact direct ? Autrement dit qu\u2019il ne voyage pas par les airs, sauf s\u2019il est transport\u00e9 par une personne contamin\u00e9e, asymptomatique ou qui ne le dit pas ou que l\u2019on n\u2019a carr\u00e9ment pas test\u00e9e ? On parle toujours, moi y compris, je le reconnais, d\u2019une rue qui a renonc\u00e9 \u00e0 se prot\u00e9ger, sans chercher \u00e0 en savoir plus et sans jamais se demander pourquoi.\u00a0<br \/>Les Alg\u00e9riens ne sont pas plus suicidaires ni t\u00e9m\u00e9raires qu\u2019on le voit ailleurs. Qui ne craquerait pas \u00e0 force de se masquer, de limiter ses activit\u00e9s ou ses d\u00e9placements ? La d\u00e9prime n\u2019a ni couleur ni fronti\u00e8res quand l\u2019enfermement s\u2019impose et que la privation, la coupure, l\u2019\u00e9loignement et la rupture avec les siens sont arr\u00eat\u00e9s \u00e0 un haut niveau de la responsabilit\u00e9.<br \/><em><strong>M. B.<\/strong><\/em><\/p>\n<p>Auteur:<br \/>\n<a href=\"https:\/\/www.lesoirdalgerie.com\/soit-dit-en-passant\/peut-etre-nen-aura-t-on-pas-besoin-60774\">Cliquez ici pour lire l&rsquo;article depuis sa source.<\/a><\/p>\n","protected":false},"excerpt":{"rendered":"<p>La rumeur avait commenc\u00e9 \u00e0 courir selon laquelle on n&rsquo;achetait pas de PCR pour des besoins d\u2019\u00e9conomie. Ensuite, on a parl\u00e9 de faibles quantit\u00e9s distribu\u00e9es gratuitement \u00e0 l\u2019Alg\u00e9rie, en guise d\u2019aide aux h\u00f4pitaux, et que ces derni\u00e8res \u00e9taient d\u00e9tourn\u00e9es \u00e0 des fins de revente au noir ou dans le meilleur des cas pour tester les [&hellip;]<\/p>\n","protected":false},"author":1741,"featured_media":0,"comment_status":"closed","ping_status":"closed","sticky":false,"template":"","format":"standard","meta":{"fifu_image_url":"","fifu_image_alt":"","footnotes":""},"categories":[73,53],"tags":[],"class_list":["post-116404","post","type-post","status-publish","format-standard","hentry","category-actualite","category-algerie"],"_links":{"self":[{"href":"https:\/\/linitiative.ca\/International\/wp-json\/wp\/v2\/posts\/116404","targetHints":{"allow":["GET"]}}],"collection":[{"href":"https:\/\/linitiative.ca\/International\/wp-json\/wp\/v2\/posts"}],"about":[{"href":"https:\/\/linitiative.ca\/International\/wp-json\/wp\/v2\/types\/post"}],"author":[{"embeddable":true,"href":"https:\/\/linitiative.ca\/International\/wp-json\/wp\/v2\/users\/1741"}],"replies":[{"embeddable":true,"href":"https:\/\/linitiative.ca\/International\/wp-json\/wp\/v2\/comments?post=116404"}],"version-history":[{"count":0,"href":"https:\/\/linitiative.ca\/International\/wp-json\/wp\/v2\/posts\/116404\/revisions"}],"wp:attachment":[{"href":"https:\/\/linitiative.ca\/International\/wp-json\/wp\/v2\/media?parent=116404"}],"wp:term":[{"taxonomy":"category","embeddable":true,"href":"https:\/\/linitiative.ca\/International\/wp-json\/wp\/v2\/categories?post=116404"},{"taxonomy":"post_tag","embeddable":true,"href":"https:\/\/linitiative.ca\/International\/wp-json\/wp\/v2\/tags?post=116404"}],"curies":[{"name":"wp","href":"https:\/\/api.w.org\/{rel}","templated":true}]}}