{"id":116405,"date":"2021-05-08T06:00:00","date_gmt":"2021-05-08T10:00:00","guid":{"rendered":"https:\/\/linitiative.ca\/International\/musulman-et-algerien\/"},"modified":"2021-05-08T06:00:00","modified_gmt":"2021-05-08T10:00:00","slug":"musulman-et-algerien","status":"publish","type":"post","link":"https:\/\/linitiative.ca\/International\/musulman-et-algerien\/","title":{"rendered":"Musulman et Alg\u00e9rien"},"content":{"rendered":"<p class=\"c3\">L&rsquo;autre, l\u00e0, il n&rsquo;en a pas fini avec le pactole de la zakat, qu&rsquo;il nous envoie une fatwa factice. Il dit que l&rsquo;Alg\u00e9rien ne peut \u00eatre que musulman. Chouf ! Si ce n&rsquo;est pas cracher sur la tombe d&rsquo;h\u00e9ro\u00efques fils de l&rsquo;Alg\u00e9rie qui ont sacrifi\u00e9 leur vie pour elle que de prof\u00e9rer de telles r\u00e9visions de l&rsquo;Histoire ! On en aura tout entendu avant et pendant l&rsquo;Alg\u00e9rie nouvelle ! Et aucun officiel ne vient lui dire qu&rsquo;il a franchi la ligne&#8230; verte !<br \/><em><strong>A. T.<\/strong><\/em><\/p>\n<p>Auteur:<br \/>\n<a href=\"https:\/\/www.lesoirdalgerie.com\/digoutage\/musulman-et-algerien-60773\">Cliquez ici pour lire l&rsquo;article depuis sa source.<\/a><\/p>\n","protected":false},"excerpt":{"rendered":"<p>L&rsquo;autre, l\u00e0, il n&rsquo;en a pas fini avec le pactole de la zakat, qu&rsquo;il nous envoie une fatwa factice. Il dit que l&rsquo;Alg\u00e9rien ne peut \u00eatre que musulman. Chouf ! Si ce n&rsquo;est pas cracher sur la tombe d&rsquo;h\u00e9ro\u00efques fils de l&rsquo;Alg\u00e9rie qui ont sacrifi\u00e9 leur vie pour elle que de prof\u00e9rer de telles r\u00e9visions [&hellip;]<\/p>\n","protected":false},"author":1741,"featured_media":0,"comment_status":"closed","ping_status":"closed","sticky":false,"template":"","format":"standard","meta":{"fifu_image_url":"","fifu_image_alt":"","footnotes":""},"categories":[73,53],"tags":[],"class_list":["post-116405","post","type-post","status-publish","format-standard","hentry","category-actualite","category-algerie"],"_links":{"self":[{"href":"https:\/\/linitiative.ca\/International\/wp-json\/wp\/v2\/posts\/116405","targetHints":{"allow":["GET"]}}],"collection":[{"href":"https:\/\/linitiative.ca\/International\/wp-json\/wp\/v2\/posts"}],"about":[{"href":"https:\/\/linitiative.ca\/International\/wp-json\/wp\/v2\/types\/post"}],"author":[{"embeddable":true,"href":"https:\/\/linitiative.ca\/International\/wp-json\/wp\/v2\/users\/1741"}],"replies":[{"embeddable":true,"href":"https:\/\/linitiative.ca\/International\/wp-json\/wp\/v2\/comments?post=116405"}],"version-history":[{"count":0,"href":"https:\/\/linitiative.ca\/International\/wp-json\/wp\/v2\/posts\/116405\/revisions"}],"wp:attachment":[{"href":"https:\/\/linitiative.ca\/International\/wp-json\/wp\/v2\/media?parent=116405"}],"wp:term":[{"taxonomy":"category","embeddable":true,"href":"https:\/\/linitiative.ca\/International\/wp-json\/wp\/v2\/categories?post=116405"},{"taxonomy":"post_tag","embeddable":true,"href":"https:\/\/linitiative.ca\/International\/wp-json\/wp\/v2\/tags?post=116405"}],"curies":[{"name":"wp","href":"https:\/\/api.w.org\/{rel}","templated":true}]}}