{"id":116406,"date":"2021-05-08T06:45:32","date_gmt":"2021-05-08T10:45:32","guid":{"rendered":"https:\/\/linitiative.ca\/International\/marocains-bloques-a-letranger-voici-les-conditions-exigees-pour-les-vols-de-rapatriement\/"},"modified":"2021-05-08T06:45:32","modified_gmt":"2021-05-08T10:45:32","slug":"marocains-bloques-a-letranger-voici-les-conditions-exigees-pour-les-vols-de-rapatriement","status":"publish","type":"post","link":"https:\/\/linitiative.ca\/International\/marocains-bloques-a-letranger-voici-les-conditions-exigees-pour-les-vols-de-rapatriement\/","title":{"rendered":"Marocains bloqu\u00e9s \u00e0 l\u2019\u00e9tranger : voici les conditions exig\u00e9es pour les vols de rapatriement"},"content":{"rendered":"<p><strong>La Direction g\u00e9n\u00e9rale de l\u2019aviation civile (DGAC),<\/strong> <strong>relevant du minist\u00e8re du tourisme et du Transport a\u00e9rien d\u00e9finit<\/strong> <strong>a publi\u00e9 une nouvelle proc\u00e9dure relative aux conditions d\u2019acc\u00e8s au territoire national des ressortissants marocains bloqu\u00e9s \u00e0 l\u2019\u00e9tranger.\u00a0<\/strong><\/p>\n<div class=\"c10\">\n<\/div>\n<p>Dans une circulaire adress\u00e9e aux compagnies a\u00e9riennes, la DGAC liste les conditions d\u2019acc\u00e8s, lesquelles sont valid\u00e9s par les services comp\u00e9tents marocains et qui prendront effet le samedi 08 mai 2021.<\/p>\n<p>Les passagers doivent pr\u00e9senter \u00e0 l\u2019enregistrement pour le vol les documents suivants:<\/p>\n<p>\u2022 La d\u00e9claration sur l\u2019honneur, conform\u00e9ment au mod\u00e8le ci-joint ;\u00a0<\/p>\n<p>\u2022 Un test PCR n\u00e9gatif de moins de 48 heures ;\u00a0<\/p>\n<p>\u2022 L\u2019autorisation de sortie du territoire national marocain d\u00e9livr\u00e9e par le Minist\u00e8re de l\u2019Int\u00e9rieur (Pr\u00e9fecture ou Province) ;\u00a0<\/p>\n<p>\u2022 Un justificatif d\u2019une r\u00e9servation confirm\u00e9e (quittance de paiement) dans les structures h\u00f4teli\u00e8res suivantes d\u00e9signeras par les autorit\u00e9s locales :<\/p>\n<p>\u2013 H\u00f4tel ONOMO 3 \u00e9toiles \u2013 Nouaceur ;\u00a0<\/p>\n<p>\u2013 H\u00f4tel ATLAS 4 \u00e9toiles \u2013 Nouaceur ;\u00a0<\/p>\n<p>\u2013 H\u00f4tel SNOB\u00a04 \u00e9toiles \u2013 Boulevard Al Messire (Ante);\u00a0<\/p>\n<p>\u2013 H\u00f4tel Ibis 3 \u00e9toiles -Centre \u00e0 Proximit\u00e9 de Casa-Port (Anfa);\u00a0<\/p>\n<p>\u2013 H\u00f4tel Ibis 3 \u00e9toiles \u2013 Boulevard Abdelmoumen (Anfa);\u00a0<\/p>\n<p>\u2013 H\u00f4tel Delta Atlas 3 \u00e9toiles \u2013 Boulevard Mohammed V (Arta).<\/p>\n<p><strong>Lire aussi|\u00a0<a href=\"https:\/\/www.challenge.ma\/vaccination-chakib-alj-envoie-un-message-fort-aux-membres-de-la-cgem-183937\/\">Vaccination : Chakib Alj envoie un message fort aux membres de la CGEM<\/a><\/strong><\/p>\n<p>\u00a0<br \/>La DGAC invite les compagnies a\u00e9riennes de :<\/p>\n<p>\u2022 S\u2019assurer que les documents pr\u00e9sent\u00e9s par le passager au moment de l\u2019acquisition du billet et au moment de l\u2019enregistrement et l\u2019embarquement \u00e0 destination de l\u2019A\u00e9roport de Casablanca Mohammed V sont conformes \u00e0 ceux \u00e9nonc\u00e9s ci-dessus ;\u00a0<\/p>\n<p>\u2022 Transmettre la liste des passagers concern\u00e9s par cette proc\u00e9dure \u00e0 votre repr\u00e9sentation \u00e0 l\u2019a\u00e9roport de Casablanca Mohammed V avant le d\u00e9part du vol, pour en assurer l\u2019acheminement \u00e0 travers la Direction de l\u2019A\u00e9roport \u00e0 l\u2019Officier de Sant\u00e9, aux autorit\u00e9s locales de Nouaceur et \u00e0 la Police des Fronti\u00e8res.\u00a0<\/p>\n<p><strong>Lire aussi|\u00a0<a href=\"https:\/\/www.challenge.ma\/micro-credit-ce-que-prevoit-le-projet-de-loi-adopte-en-conseil-de-gouvernement-183923\/\">Micro-cr\u00e9dit : ce que pr\u00e9voit le projet de loi adopt\u00e9 en Conseil de gouvernement<\/a><\/strong><\/p>\n<figure class=\"wp-block-image size-large\"><img decoding=\"async\" loading=\"lazy\" width=\"647\" height=\"1024\" src=\"https:\/\/www.challenge.ma\/wp-content\/uploads\/2021\/05\/DGAC1-647x1024-2.jpg\" alt=\"\" class=\"wp-image-183974\" srcset=\"https:\/\/www.challenge.ma\/wp-content\/uploads\/2021\/05\/DGAC1-647x1024-2.jpg 647w, https:\/\/www.challenge.ma\/wp-content\/uploads\/2021\/05\/DGAC1-647x1024-2-190x300.jpg 190w, https:\/\/www.challenge.ma\/wp-content\/uploads\/2021\/05\/DGAC1-647x1024-2-360x570.jpg 360w\" sizes=\"auto, (max-width: 647px) 100vw, 647px\"\/><\/figure>\n<p>Auteur: Hajar DARI<br \/>\n<a href=\"https:\/\/www.challenge.ma\/marocains-bloques-a-letranger-voici-les-conditions-exigees-pour-les-vols-de-rapatriement-183968\/\">Cliquez ici pour lire l&rsquo;article depuis sa source.<\/a><\/p>\n","protected":false},"excerpt":{"rendered":"<p>La Direction g\u00e9n\u00e9rale de l\u2019aviation civile (DGAC), relevant du minist\u00e8re du tourisme et du Transport a\u00e9rien d\u00e9finit a publi\u00e9 une nouvelle proc\u00e9dure relative aux conditions d\u2019acc\u00e8s au territoire national des ressortissants marocains bloqu\u00e9s \u00e0 l\u2019\u00e9tranger.\u00a0 Dans une circulaire adress\u00e9e aux compagnies a\u00e9riennes, la DGAC liste les conditions d\u2019acc\u00e8s, lesquelles sont valid\u00e9s par les services comp\u00e9tents [&hellip;]<\/p>\n","protected":false},"author":1787,"featured_media":0,"comment_status":"closed","ping_status":"closed","sticky":false,"template":"","format":"standard","meta":{"fifu_image_url":"https:\/\/www.challenge.ma\/wp-content\/uploads\/2021\/05\/DGAC1-647x1024-2.jpg","fifu_image_alt":"Marocains bloqu\u00e9s \u00e0 l\u2019\u00e9tranger : voici les conditions exig\u00e9es pour les vols de rapatriement","footnotes":""},"categories":[78,54],"tags":[],"class_list":["post-116406","post","type-post","status-publish","format-standard","hentry","category-economie","category-maroc"],"_links":{"self":[{"href":"https:\/\/linitiative.ca\/International\/wp-json\/wp\/v2\/posts\/116406","targetHints":{"allow":["GET"]}}],"collection":[{"href":"https:\/\/linitiative.ca\/International\/wp-json\/wp\/v2\/posts"}],"about":[{"href":"https:\/\/linitiative.ca\/International\/wp-json\/wp\/v2\/types\/post"}],"author":[{"embeddable":true,"href":"https:\/\/linitiative.ca\/International\/wp-json\/wp\/v2\/users\/1787"}],"replies":[{"embeddable":true,"href":"https:\/\/linitiative.ca\/International\/wp-json\/wp\/v2\/comments?post=116406"}],"version-history":[{"count":0,"href":"https:\/\/linitiative.ca\/International\/wp-json\/wp\/v2\/posts\/116406\/revisions"}],"wp:attachment":[{"href":"https:\/\/linitiative.ca\/International\/wp-json\/wp\/v2\/media?parent=116406"}],"wp:term":[{"taxonomy":"category","embeddable":true,"href":"https:\/\/linitiative.ca\/International\/wp-json\/wp\/v2\/categories?post=116406"},{"taxonomy":"post_tag","embeddable":true,"href":"https:\/\/linitiative.ca\/International\/wp-json\/wp\/v2\/tags?post=116406"}],"curies":[{"name":"wp","href":"https:\/\/api.w.org\/{rel}","templated":true}]}}