{"id":116407,"date":"2021-05-08T09:31:37","date_gmt":"2021-05-08T13:31:37","guid":{"rendered":"https:\/\/linitiative.ca\/International\/coworking-le-suisse-iwg-ouvre-un-nouvel-espace-de-travail-a-casablanca\/"},"modified":"2021-05-08T09:31:37","modified_gmt":"2021-05-08T13:31:37","slug":"coworking-le-suisse-iwg-ouvre-un-nouvel-espace-de-travail-a-casablanca","status":"publish","type":"post","link":"https:\/\/linitiative.ca\/International\/coworking-le-suisse-iwg-ouvre-un-nouvel-espace-de-travail-a-casablanca\/","title":{"rendered":"Coworking : le suisse IWG ouvre un nouvel espace de travail \u00e0 Casablanca"},"content":{"rendered":"<p><strong>Situ\u00e9\u00a0sur la corniche en plein c\u0153ur de la ville de Casablanca, l\u2019embl\u00e9matique centre commercial Anfaplace Mall\u00a0accueillera \u00e0 partir de mi-juillet 2021 l\u2019espace de coworking \u00ab<\/strong><a href=\"https:\/\/www.linkedin.com\/company\/spacesworks\/\"><strong>Spaces<\/strong><\/a><strong>\u00bb.<\/strong><\/p>\n<div class=\"c10\">\n<\/div>\n<p>Pilot\u00e9 par la soci\u00e9t\u00e9 IWG plc, cette plateforme propose des bureaux privatifs, partag\u00e9s, des salles de r\u00e9union et des formules de location flexibles pour les entreprises comme les travailleurs ind\u00e9pendants. IWG plc dispose ainsi plusieurs formules de location, mais aussi la possibilit\u00e9 pour les entreprises d\u2019y effectuer leur domiciliation. Aussi, cet espace se veut \u00eatre adapt\u00e9 aux nouveaux usages des entreprises ainsi qu\u2019aux travailleurs ind\u00e9pendants, en voyage d\u2019affaires, salari\u00e9s ou encore en t\u00e9l\u00e9travail.<\/p>\n<p><strong>Lire aussi|\u00a0<a href=\"https:\/\/www.challenge.ma\/vaccination-chakib-alj-envoie-un-message-fort-aux-membres-de-la-cgem-183937\/\">Vaccination : Chakib Alj envoie un message fort aux membres de la CGEM<\/a><\/strong><\/p>\n<p>\u00abIl s\u2019agit de notre premier centre sur la Corniche avec vue sur l\u2019oc\u00e9an Atlantique. C\u2019est le quartier embl\u00e9matique de la ville\u00bb, a pr\u00e9cis\u00e9 Salim Benchkroun. Et le responsable r\u00e9gional des ventes d\u2019IWG plc de souligner que des h\u00f4tels haut de gamme, des restaurants, des centres commerciaux dont le Four Seasons ainsi que du centre commercial, l\u2019un de plus haut de gamme du pays, entourent le \u00abSpaces\u00bb. Il ajoute\u00a0:\u00a0\u00abc\u2019est l\u2019adresse la plus prestigieuse de la ville et du pays, c\u00e9l\u00e8bre pour tous les Marocains\u00bb.<\/p>\n<p><strong>Lire aussi|<\/strong> <a href=\"https:\/\/www.challenge.ma\/marocains-bloques-a-letranger-voici-les-conditions-exigees-pour-les-vols-de-rapatriement-183968\/\"><strong>Marocains bloqu\u00e9s \u00e0 l\u2019\u00e9tranger : voici les conditions exig\u00e9es pour les vols de rapatriement<\/strong><\/a><\/p>\n<p>Auteur: Hajar DARI<br \/>\n<a href=\"https:\/\/www.challenge.ma\/coworking-iwg-ouvre-un-nouvel-espace-de-travail-a-anfaplace-183978\/\">Cliquez ici pour lire l&rsquo;article depuis sa source.<\/a><\/p>\n","protected":false},"excerpt":{"rendered":"<p>Situ\u00e9\u00a0sur la corniche en plein c\u0153ur de la ville de Casablanca, l\u2019embl\u00e9matique centre commercial Anfaplace Mall\u00a0accueillera \u00e0 partir de mi-juillet 2021 l\u2019espace de coworking \u00abSpaces\u00bb. Pilot\u00e9 par la soci\u00e9t\u00e9 IWG plc, cette plateforme propose des bureaux privatifs, partag\u00e9s, des salles de r\u00e9union et des formules de location flexibles pour les entreprises comme les travailleurs ind\u00e9pendants. [&hellip;]<\/p>\n","protected":false},"author":1787,"featured_media":0,"comment_status":"closed","ping_status":"closed","sticky":false,"template":"","format":"standard","meta":{"fifu_image_url":"","fifu_image_alt":"","footnotes":""},"categories":[78,54],"tags":[],"class_list":["post-116407","post","type-post","status-publish","format-standard","hentry","category-economie","category-maroc"],"_links":{"self":[{"href":"https:\/\/linitiative.ca\/International\/wp-json\/wp\/v2\/posts\/116407","targetHints":{"allow":["GET"]}}],"collection":[{"href":"https:\/\/linitiative.ca\/International\/wp-json\/wp\/v2\/posts"}],"about":[{"href":"https:\/\/linitiative.ca\/International\/wp-json\/wp\/v2\/types\/post"}],"author":[{"embeddable":true,"href":"https:\/\/linitiative.ca\/International\/wp-json\/wp\/v2\/users\/1787"}],"replies":[{"embeddable":true,"href":"https:\/\/linitiative.ca\/International\/wp-json\/wp\/v2\/comments?post=116407"}],"version-history":[{"count":0,"href":"https:\/\/linitiative.ca\/International\/wp-json\/wp\/v2\/posts\/116407\/revisions"}],"wp:attachment":[{"href":"https:\/\/linitiative.ca\/International\/wp-json\/wp\/v2\/media?parent=116407"}],"wp:term":[{"taxonomy":"category","embeddable":true,"href":"https:\/\/linitiative.ca\/International\/wp-json\/wp\/v2\/categories?post=116407"},{"taxonomy":"post_tag","embeddable":true,"href":"https:\/\/linitiative.ca\/International\/wp-json\/wp\/v2\/tags?post=116407"}],"curies":[{"name":"wp","href":"https:\/\/api.w.org\/{rel}","templated":true}]}}