{"id":116408,"date":"2021-05-08T16:35:08","date_gmt":"2021-05-08T20:35:08","guid":{"rendered":"https:\/\/linitiative.ca\/International\/tunisie-images-kais-saied-rompt-le-jeune-au-ministere-de-linterieur\/"},"modified":"2021-05-08T16:35:08","modified_gmt":"2021-05-08T20:35:08","slug":"tunisie-images-kais-saied-rompt-le-jeune-au-ministere-de-linterieur","status":"publish","type":"post","link":"https:\/\/linitiative.ca\/International\/tunisie-images-kais-saied-rompt-le-jeune-au-ministere-de-linterieur\/","title":{"rendered":"Tunisie \u2013 IMAGES\u00a0: Ka\u00efs Sa\u00efed rompt le je\u00fbne au minist\u00e8re de l\u2019int\u00e9rieur"},"content":{"rendered":"<div class=\"post-cont-in left relative\">\n<div id=\"post-info-wrap\" class=\"left relative post-info-out\">\n<div class=\"post-info-img left relative\"><img decoding=\"async\" alt=\"\" src=\"https:\/\/secure.gravatar.com\/avatar\/047123be9d5e8513774383916ee72db2?s=50&amp;d=mm&amp;r=g\" srcset=\"https:\/\/secure.gravatar.com\/avatar\/047123be9d5e8513774383916ee72db2?s=100&amp;d=mm&amp;r=g 2x\" class=\"avatar avatar-50 photo\" height=\"50\" width=\"50\" loading=\"lazy\"\/><\/div>\n<div class=\"post-info-in\">\n<div class=\"post-info-right left relative post-info-name left relative\"><span><span class=\"post-info-text\">Par<\/span> <span class=\"author-name vcard fn author\"><a href=\"https:\/\/www.tunisienumerique.com\/author\/lm\/\" title=\"Articles par LM\" rel=\"author\">LM<\/a><\/span><\/span> <span class=\"post-date updated\"><time class=\"post-date updated\" datetime=\"2021-05-08\">\u00a0| Il y a 18 secondes<\/time><\/span><br \/>\n<meta itemprop=\"dateModified\" content=\"2021-05-08\"\/><\/div>\n<div class=\"left relative\"><button id=\"listenButton1\" class=\"responsivevoice-button\" type=\"button\" value=\"Play\" title=\"\u00c9coutez l'article\"><span>\ud83d\udd0a \u00c9coutez l&rsquo;article<\/span><\/button>\n<\/div>\n<\/div>\n<\/div>\n<p>Le pr\u00e9sident de la R\u00e9publique, Ka\u00efs Sa\u00efed, s\u2019est rendu, ce samedi, au coucher du soleil, au si\u00e8ge du minist\u00e8re de l\u2019int\u00e9rieur, dans une visite annonc\u00e9e, \u00e0 peine, 15 minutes avant, o\u00f9 il a tenu \u00e0 partager la rupture du je\u00fbne avec les cadres et agents qui \u00e9taient de permanence au si\u00e8ge du minist\u00e8re.<\/p>\n<div class=\"code-block code-block-1 c4\">\n <ins class=\"adsbygoogle c3\" data-ad-layout=\"in-article\" data-ad-format=\"fluid\" data-ad-client=\"ca-pub-2102118777505746\" data-ad-slot=\"7301775417\"\/>\n<\/div>\n<p><a href=\"https:\/\/www.tunisienumerique.com\/tunisie-images-kais-saied-rompt-le-jeune-au-ministere-de-linterieur\/mint1-4\/\" rel=\"attachment wp-att-661317\"><img decoding=\"async\" loading=\"lazy\" class=\"aligncenter size-full wp-image-661317\" src=\"https:\/\/www.tunisienumerique.com\/wp-content\/uploads\/2021\/05\/mint1.jpg\" alt=\"\" width=\"634\" height=\"480\" srcset=\"https:\/\/www.tunisienumerique.com\/wp-content\/uploads\/2021\/05\/mint1.jpg 634w, https:\/\/www.tunisienumerique.com\/wp-content\/uploads\/2021\/05\/mint1-600x454.jpg 600w\" sizes=\"auto, (max-width: 634px) 100vw, 634px\"\/><\/a><\/p>\n<p><a href=\"https:\/\/www.tunisienumerique.com\/tunisie-images-kais-saied-rompt-le-jeune-au-ministere-de-linterieur\/mint2-3\/\" rel=\"attachment wp-att-661318\"><img decoding=\"async\" loading=\"lazy\" class=\"aligncenter size-full wp-image-661318\" src=\"https:\/\/www.tunisienumerique.com\/wp-content\/uploads\/2021\/05\/mint2.jpg\" alt=\"\" width=\"640\" height=\"418\" srcset=\"https:\/\/www.tunisienumerique.com\/wp-content\/uploads\/2021\/05\/mint2.jpg 640w, https:\/\/www.tunisienumerique.com\/wp-content\/uploads\/2021\/05\/mint2-600x392.jpg 600w\" sizes=\"auto, (max-width: 640px) 100vw, 640px\"\/><\/a><\/p>\n<p><a href=\"https:\/\/www.tunisienumerique.com\/tunisie-images-kais-saied-rompt-le-jeune-au-ministere-de-linterieur\/mint3-3\/\" rel=\"attachment wp-att-661319\"><img decoding=\"async\" loading=\"lazy\" class=\"aligncenter size-full wp-image-661319\" src=\"https:\/\/www.tunisienumerique.com\/wp-content\/uploads\/2021\/05\/mint3.jpg\" alt=\"\" width=\"640\" height=\"438\" srcset=\"https:\/\/www.tunisienumerique.com\/wp-content\/uploads\/2021\/05\/mint3.jpg 640w, https:\/\/www.tunisienumerique.com\/wp-content\/uploads\/2021\/05\/mint3-600x411.jpg 600w\" sizes=\"auto, (max-width: 640px) 100vw, 640px\"\/><\/a><\/p>\n<p><a href=\"https:\/\/www.tunisienumerique.com\/tunisie-images-kais-saied-rompt-le-jeune-au-ministere-de-linterieur\/mint4-3\/\" rel=\"attachment wp-att-661320\"><img decoding=\"async\" loading=\"lazy\" class=\"aligncenter size-full wp-image-661320\" src=\"https:\/\/www.tunisienumerique.com\/wp-content\/uploads\/2021\/05\/mint4.jpg\" alt=\"\" width=\"640\" height=\"361\" srcset=\"https:\/\/www.tunisienumerique.com\/wp-content\/uploads\/2021\/05\/mint4.jpg 640w, https:\/\/www.tunisienumerique.com\/wp-content\/uploads\/2021\/05\/mint4-600x338.jpg 600w\" sizes=\"auto, (max-width: 640px) 100vw, 640px\"\/><\/a><\/p>\n<p><a href=\"https:\/\/www.tunisienumerique.com\/tunisie-images-kais-saied-rompt-le-jeune-au-ministere-de-linterieur\/mint5-2\/\" rel=\"attachment wp-att-661321\"><img decoding=\"async\" loading=\"lazy\" class=\"aligncenter size-full wp-image-661321\" src=\"https:\/\/www.tunisienumerique.com\/wp-content\/uploads\/2021\/05\/mint5.jpg\" alt=\"\" width=\"640\" height=\"412\" srcset=\"https:\/\/www.tunisienumerique.com\/wp-content\/uploads\/2021\/05\/mint5.jpg 640w, https:\/\/www.tunisienumerique.com\/wp-content\/uploads\/2021\/05\/mint5-600x386.jpg 600w\" sizes=\"auto, (max-width: 640px) 100vw, 640px\"\/><\/a><a href=\"https:\/\/www.tunisienumerique.com\/tunisie-images-kais-saied-rompt-le-jeune-au-ministere-de-linterieur\/mint7\/\" rel=\"attachment wp-att-661323\"><img decoding=\"async\" loading=\"lazy\" class=\"aligncenter size-full wp-image-661323\" src=\"https:\/\/www.tunisienumerique.com\/wp-content\/uploads\/2021\/05\/mint7.jpg\" alt=\"\" width=\"640\" height=\"386\" srcset=\"https:\/\/www.tunisienumerique.com\/wp-content\/uploads\/2021\/05\/mint7.jpg 640w, https:\/\/www.tunisienumerique.com\/wp-content\/uploads\/2021\/05\/mint7-600x362.jpg 600w, https:\/\/www.tunisienumerique.com\/wp-content\/uploads\/2021\/05\/mint7-450x270.jpg 450w, https:\/\/www.tunisienumerique.com\/wp-content\/uploads\/2021\/05\/mint7-300x180.jpg 300w\" sizes=\"auto, (max-width: 640px) 100vw, 640px\"\/><\/a><a href=\"https:\/\/www.tunisienumerique.com\/tunisie-images-kais-saied-rompt-le-jeune-au-ministere-de-linterieur\/mint6\/\" rel=\"attachment wp-att-661322\"><img decoding=\"async\" loading=\"lazy\" class=\"aligncenter size-full wp-image-661322\" src=\"https:\/\/www.tunisienumerique.com\/wp-content\/uploads\/2021\/05\/mint6.jpg\" alt=\"\" width=\"640\" height=\"341\" srcset=\"https:\/\/www.tunisienumerique.com\/wp-content\/uploads\/2021\/05\/mint6.jpg 640w, https:\/\/www.tunisienumerique.com\/wp-content\/uploads\/2021\/05\/mint6-600x320.jpg 600w\" sizes=\"auto, (max-width: 640px) 100vw, 640px\"\/><\/a><\/p>\n<div class=\"swp_social_panel swp_horizontal_panel swp_flat_fresh swp_default_full_color swp_individual_full_color swp_other_full_color scale-100 scale-\" data-min-width=\"1100\" data-float-color=\"#ffffff\" data-float=\"bottom\" data-float-mobile=\"bottom\" data-transition=\"slide\">\n<div class=\"nc_tweetContainer swp_share_button total_shares total_sharesalt\"><span class=\"swp_count\">0 <span class=\"swp_label\">Partages<\/span><\/span><\/div>\n<\/div>\n<p><strong>Que se passe-t-il en Tunisie?<\/strong><br \/>Nous expliquons sur notre <a href=\"https:\/\/www.youtube.com\/channel\/UCRzypVq0B_yBad5eGrwBx0Q?sub_confirmation=1\" target=\"_blank\" rel=\"noopener\">cha\u00eene YouTube<\/a> . <a href=\"https:\/\/www.youtube.com\/channel\/UCRzypVq0B_yBad5eGrwBx0Q?sub_confirmation=1\" target=\"_blank\" rel=\"noopener\">Abonnez-vous!<\/a><\/p>\n<div class=\"mvp-org-wrap\" itemprop=\"publisher\">\n<div class=\"mvp-org-logo\" itemprop=\"logo\"><img decoding=\"async\" src=\"https:\/\/www.tunisienumerique.com\/wp-content\/uploads\/2017\/02\/logo_tunisie_numerique.png\"\/><br \/>\n<meta itemprop=\"url\" content=\"https:\/\/www.tunisienumerique.com\/wp-content\/uploads\/2017\/02\/logo_tunisie_numerique.png\"\/><\/div>\n<p><meta content=\"Tunisie\"\/><\/div>\n<div class=\"mvp-related-posts left relative\">\n<h4 class=\"post-header\"><span class=\"post-header\">Lire aussi<\/span><\/h4>\n<\/div>\n<div id=\"article-ad\">\n <ins class=\"adsbygoogle c5\" data-ad-client=\"ca-pub-2102118777505746\" data-ad-slot=\"6513972734\" data-ad-format=\"auto\" data-full-width-responsive=\"true\"\/>\n<\/div>\n<\/div>\n<div id=\"post-sidebar-wrap\">\n <ins class=\"adsbygoogle c5\" data-ad-client=\"ca-pub-2102118777505746\" data-ad-slot=\"6168283410\" data-ad-format=\"auto\" data-full-width-responsive=\"true\"\/>\n<\/div>\n<p>Auteur: LM<br \/>\n<a href=\"https:\/\/www.tunisienumerique.com\/tunisie-images-kais-saied-rompt-le-jeune-au-ministere-de-linterieur\/\">Cliquez ici pour lire l&rsquo;article depuis sa source.<\/a><\/p>\n","protected":false},"excerpt":{"rendered":"<p>Par LM \u00a0| Il y a 18 secondes \ud83d\udd0a \u00c9coutez l&rsquo;article Le pr\u00e9sident de la R\u00e9publique, Ka\u00efs Sa\u00efed, s\u2019est rendu, ce samedi, au coucher du soleil, au si\u00e8ge du minist\u00e8re de l\u2019int\u00e9rieur, dans une visite annonc\u00e9e, \u00e0 peine, 15 minutes avant, o\u00f9 il a tenu \u00e0 partager la rupture du je\u00fbne avec les cadres et [&hellip;]<\/p>\n","protected":false},"author":1789,"featured_media":0,"comment_status":"closed","ping_status":"closed","sticky":false,"template":"","format":"standard","meta":{"fifu_image_url":"https:\/\/secure.gravatar.com\/avatar\/047123be9d5e8513774383916ee72db2?s=50&d=mm&r=g","fifu_image_alt":"Tunisie \u2013 IMAGES\u00a0: Ka\u00efs Sa\u00efed rompt le je\u00fbne au minist\u00e8re de l\u2019int\u00e9rieur","footnotes":""},"categories":[73,55],"tags":[],"class_list":["post-116408","post","type-post","status-publish","format-standard","hentry","category-actualite","category-tunisie"],"_links":{"self":[{"href":"https:\/\/linitiative.ca\/International\/wp-json\/wp\/v2\/posts\/116408","targetHints":{"allow":["GET"]}}],"collection":[{"href":"https:\/\/linitiative.ca\/International\/wp-json\/wp\/v2\/posts"}],"about":[{"href":"https:\/\/linitiative.ca\/International\/wp-json\/wp\/v2\/types\/post"}],"author":[{"embeddable":true,"href":"https:\/\/linitiative.ca\/International\/wp-json\/wp\/v2\/users\/1789"}],"replies":[{"embeddable":true,"href":"https:\/\/linitiative.ca\/International\/wp-json\/wp\/v2\/comments?post=116408"}],"version-history":[{"count":0,"href":"https:\/\/linitiative.ca\/International\/wp-json\/wp\/v2\/posts\/116408\/revisions"}],"wp:attachment":[{"href":"https:\/\/linitiative.ca\/International\/wp-json\/wp\/v2\/media?parent=116408"}],"wp:term":[{"taxonomy":"category","embeddable":true,"href":"https:\/\/linitiative.ca\/International\/wp-json\/wp\/v2\/categories?post=116408"},{"taxonomy":"post_tag","embeddable":true,"href":"https:\/\/linitiative.ca\/International\/wp-json\/wp\/v2\/tags?post=116408"}],"curies":[{"name":"wp","href":"https:\/\/api.w.org\/{rel}","templated":true}]}}