{"id":116410,"date":"2021-05-08T17:02:33","date_gmt":"2021-05-08T21:02:33","guid":{"rendered":"https:\/\/linitiative.ca\/International\/ministere-de-la-sante-ces-personnes-sont-exemptees-du-confinement-general-et-du-couvre-feu\/"},"modified":"2021-05-08T17:02:33","modified_gmt":"2021-05-08T21:02:33","slug":"ministere-de-la-sante-ces-personnes-sont-exemptees-du-confinement-general-et-du-couvre-feu","status":"publish","type":"post","link":"https:\/\/linitiative.ca\/International\/ministere-de-la-sante-ces-personnes-sont-exemptees-du-confinement-general-et-du-couvre-feu\/","title":{"rendered":"Minist\u00e8re de la Sant\u00e9: Ces personnes sont exempt\u00e9es du confinement g\u00e9n\u00e9ral et du couvre-feu"},"content":{"rendered":"<div class=\"post-cont-in left relative\">\n<div id=\"post-info-wrap\" class=\"left relative post-info-out\">\n<div class=\"post-info-img left relative\"><img decoding=\"async\" alt=\"\" src=\"https:\/\/secure.gravatar.com\/avatar\/ea481d7287ad38ca1787f44b5bb1b70e?s=50&amp;d=mm&amp;r=g\" srcset=\"https:\/\/secure.gravatar.com\/avatar\/ea481d7287ad38ca1787f44b5bb1b70e?s=100&amp;d=mm&amp;r=g 2x\" class=\"avatar avatar-50 photo\" height=\"50\" width=\"50\" loading=\"lazy\"\/><\/div>\n<div class=\"post-info-in\">\n<div class=\"post-info-right left relative post-info-name left relative\"><span><span class=\"post-info-text\">Par<\/span> <span class=\"author-name vcard fn author\"><a href=\"https:\/\/www.tunisienumerique.com\/author\/rania-ben-slimane\/\" title=\"Articles par rania ben slimane\" rel=\"author\">rania ben slimane<\/a><\/span><\/span> <span class=\"post-date updated\"><time class=\"post-date updated\" datetime=\"2021-05-08\">\u00a0| Il y a 22 secondes<\/time><\/span><br \/>\n<meta itemprop=\"dateModified\" content=\"2021-05-08\"\/><\/div>\n<div class=\"left relative\"><button id=\"listenButton1\" class=\"responsivevoice-button\" type=\"button\" value=\"Play\" title=\"\u00c9coutez l'article\"><span>\ud83d\udd0a \u00c9coutez l&rsquo;article<\/span><\/button>\n<\/div>\n<\/div>\n<\/div>\n<p>Le minist\u00e8re de la sant\u00e9 a fix\u00e9 dans un communiqu\u00e9 rendu public le 08 mai 2021, la liste des professionnels intervenants dans les secteurs de la sant\u00e9 autoris\u00e9s \u00e0 exercer pendant le confinement g\u00e9n\u00e9ral.<\/p>\n<div class=\"code-block code-block-1 c4\">\n <ins class=\"adsbygoogle c3\" data-ad-layout=\"in-article\" data-ad-format=\"fluid\" data-ad-client=\"ca-pub-2102118777505746\" data-ad-slot=\"7301775417\"\/>\n<\/div>\n<p>Ces personnes sont exempt\u00e9es des mesures du confinement g\u00e9n\u00e9ral, \u00e0 savoir\u00a0:<\/p>\n<ul>\n<li>Les employ\u00e9s dans le secteur sanitaire priv\u00e9 et public<\/li>\n<li>Les m\u00e9decins, les m\u00e9decins dentistes, les pharmaciens et les employ\u00e9s aux cabinets m\u00e9dicaux et laboratoires priv\u00e9s d\u2019analyses m\u00e9dicales<\/li>\n<li>Les employ\u00e9s dans les pharmacies priv\u00e9es<\/li>\n<li>Les pharmaciens et les agents de distribution de m\u00e9dicaments en gros<\/li>\n<li>Les employ\u00e9s dans le secteur de l\u2019industrie pharmaceutique<\/li>\n<li>Les techniciens sup\u00e9rieurs, les infirmiers exer\u00e7ant aux locaux d\u2019infirmerie et tous les centres du corps param\u00e9dical<\/li>\n<li>Les employ\u00e9s aux soci\u00e9t\u00e9s de distribution d\u2019\u00e9quipements et des solutions m\u00e9dicales ainsi que dans celles de maintenance biom\u00e9dicale dans les \u00e9tablissements publics et priv\u00e9s.<\/li>\n<li>Les employ\u00e9s aux soci\u00e9t\u00e9s de transport sanitaire<\/li>\n<li>Les cabinets de permanence d\u2019urgence m\u00e9dicale s\u00e9curisant la prise en charge nocturne.<\/li>\n<\/ul>\n<p>Il convient de noter que dans le cadre de lutte contre le Coronavirus, le comit\u00e9 scientifique a annonc\u00e9 des mesures en date du 07 mai 2021, notamment celle de l\u2019imposition du confinement g\u00e9n\u00e9ral \u00e0 partir du dimanche 09 mai 2021 jusqu\u2019au 16 mai 2021 et du couvre-feu de <strong>19h00 \u00e0 05H00<\/strong>.<\/p>\n<p><img decoding=\"async\" loading=\"lazy\" class=\"size-full wp-image-661332 aligncenter\" src=\"https:\/\/www.tunisienumerique.com\/wp-content\/uploads\/2021\/05\/communique-ministere-de-la-sante.jpg\" alt=\"\" width=\"515\" height=\"720\"\/><\/p>\n<div class=\"swp_social_panel swp_horizontal_panel swp_flat_fresh swp_default_full_color swp_individual_full_color swp_other_full_color scale-100 scale-\" data-min-width=\"1100\" data-float-color=\"#ffffff\" data-float=\"bottom\" data-float-mobile=\"bottom\" data-transition=\"slide\">\n<div class=\"nc_tweetContainer swp_share_button total_shares total_sharesalt\"><span class=\"swp_count\">0 <span class=\"swp_label\">Partages<\/span><\/span><\/div>\n<\/div>\n<p><strong>Que se passe-t-il en Tunisie?<\/strong><br \/>Nous expliquons sur notre <a href=\"https:\/\/www.youtube.com\/channel\/UCRzypVq0B_yBad5eGrwBx0Q?sub_confirmation=1\" target=\"_blank\" rel=\"noopener\">cha\u00eene YouTube<\/a> . <a href=\"https:\/\/www.youtube.com\/channel\/UCRzypVq0B_yBad5eGrwBx0Q?sub_confirmation=1\" target=\"_blank\" rel=\"noopener\">Abonnez-vous!<\/a><\/p>\n<div class=\"mvp-org-wrap\" itemprop=\"publisher\">\n<div class=\"mvp-org-logo\" itemprop=\"logo\"><img decoding=\"async\" src=\"https:\/\/www.tunisienumerique.com\/wp-content\/uploads\/2017\/02\/logo_tunisie_numerique.png\"\/><br \/>\n<meta itemprop=\"url\" content=\"https:\/\/www.tunisienumerique.com\/wp-content\/uploads\/2017\/02\/logo_tunisie_numerique.png\"\/><\/div>\n<p><meta content=\"Tunisie\"\/><\/div>\n<div class=\"mvp-related-posts left relative\">\n<h4 class=\"post-header\"><span class=\"post-header\">Lire aussi<\/span><\/h4>\n<\/div>\n<div id=\"article-ad\">\n <ins class=\"adsbygoogle c5\" data-ad-client=\"ca-pub-2102118777505746\" data-ad-slot=\"6513972734\" data-ad-format=\"auto\" data-full-width-responsive=\"true\"\/>\n<\/div>\n<\/div>\n<div id=\"post-sidebar-wrap\">\n <ins class=\"adsbygoogle c5\" data-ad-client=\"ca-pub-2102118777505746\" data-ad-slot=\"6168283410\" data-ad-format=\"auto\" data-full-width-responsive=\"true\"\/>\n<\/div>\n<p>Auteur: rania ben slimane<br \/>\n<a href=\"https:\/\/www.tunisienumerique.com\/ministere-de-la-sante-ces-personnes-sont-exemptees-du-confinement-general-et-du-couvre-feu\/\">Cliquez ici pour lire l&rsquo;article depuis sa source.<\/a><\/p>\n","protected":false},"excerpt":{"rendered":"<p>Par rania ben slimane \u00a0| Il y a 22 secondes \ud83d\udd0a \u00c9coutez l&rsquo;article Le minist\u00e8re de la sant\u00e9 a fix\u00e9 dans un communiqu\u00e9 rendu public le 08 mai 2021, la liste des professionnels intervenants dans les secteurs de la sant\u00e9 autoris\u00e9s \u00e0 exercer pendant le confinement g\u00e9n\u00e9ral. Ces personnes sont exempt\u00e9es des mesures du confinement [&hellip;]<\/p>\n","protected":false},"author":1789,"featured_media":0,"comment_status":"closed","ping_status":"closed","sticky":false,"template":"","format":"standard","meta":{"fifu_image_url":"https:\/\/secure.gravatar.com\/avatar\/ea481d7287ad38ca1787f44b5bb1b70e?s=50&d=mm&r=g","fifu_image_alt":"Minist\u00e8re de la Sant\u00e9: Ces personnes sont exempt\u00e9es du confinement g\u00e9n\u00e9ral et du couvre-feu","footnotes":""},"categories":[73,55],"tags":[],"class_list":["post-116410","post","type-post","status-publish","format-standard","hentry","category-actualite","category-tunisie"],"_links":{"self":[{"href":"https:\/\/linitiative.ca\/International\/wp-json\/wp\/v2\/posts\/116410","targetHints":{"allow":["GET"]}}],"collection":[{"href":"https:\/\/linitiative.ca\/International\/wp-json\/wp\/v2\/posts"}],"about":[{"href":"https:\/\/linitiative.ca\/International\/wp-json\/wp\/v2\/types\/post"}],"author":[{"embeddable":true,"href":"https:\/\/linitiative.ca\/International\/wp-json\/wp\/v2\/users\/1789"}],"replies":[{"embeddable":true,"href":"https:\/\/linitiative.ca\/International\/wp-json\/wp\/v2\/comments?post=116410"}],"version-history":[{"count":0,"href":"https:\/\/linitiative.ca\/International\/wp-json\/wp\/v2\/posts\/116410\/revisions"}],"wp:attachment":[{"href":"https:\/\/linitiative.ca\/International\/wp-json\/wp\/v2\/media?parent=116410"}],"wp:term":[{"taxonomy":"category","embeddable":true,"href":"https:\/\/linitiative.ca\/International\/wp-json\/wp\/v2\/categories?post=116410"},{"taxonomy":"post_tag","embeddable":true,"href":"https:\/\/linitiative.ca\/International\/wp-json\/wp\/v2\/tags?post=116410"}],"curies":[{"name":"wp","href":"https:\/\/api.w.org\/{rel}","templated":true}]}}