{"id":116411,"date":"2021-05-08T17:07:24","date_gmt":"2021-05-08T21:07:24","guid":{"rendered":"https:\/\/linitiative.ca\/International\/expatries-ellyes-skhiri-disputera-son-200e-match-en-europe-fabuleux\/"},"modified":"2021-05-08T17:07:24","modified_gmt":"2021-05-08T21:07:24","slug":"expatries-ellyes-skhiri-disputera-son-200e-match-en-europe-fabuleux","status":"publish","type":"post","link":"https:\/\/linitiative.ca\/International\/expatries-ellyes-skhiri-disputera-son-200e-match-en-europe-fabuleux\/","title":{"rendered":"Expatri\u00e9s : Ellyes Skhiri disputera son 200e match en Europe, fabuleux !"},"content":{"rendered":"<div class=\"post-cont-in left relative\">\n<div id=\"post-info-wrap\" class=\"left relative post-info-out\">\n<div class=\"post-info-img left relative\"><img decoding=\"async\" alt=\"\" src=\"https:\/\/secure.gravatar.com\/avatar\/e08a32c38bbac601a92c63c79d61b38d?s=50&amp;d=mm&amp;r=g\" srcset=\"https:\/\/secure.gravatar.com\/avatar\/e08a32c38bbac601a92c63c79d61b38d?s=100&amp;d=mm&amp;r=g 2x\" class=\"avatar avatar-50 photo\" height=\"50\" width=\"50\" loading=\"lazy\"\/><\/div>\n<div class=\"post-info-in\">\n<div class=\"post-info-right left relative post-info-name left relative\"><span itemprop=\"author\" itemscope=\"itemscope\" itemtype=\"https:\/\/schema.org\/Person\"><span class=\"post-info-text\">By<\/span> <span class=\"author-name vcard fn author\" itemprop=\"name\"><a href=\"https:\/\/sport.tunisienumerique.com\/author\/fakhreddine\/\" title=\"Articles par Fakhreddine Ben Malek\" rel=\"author\">Fakhreddine Ben Malek<\/a><\/span> <span class=\"author-twitter\"><a href=\"https:\/\/twitter.com\/Fakhr_Ben_Malek\" class=\"twitter-but\" target=\"_blank\" rel=\"noopener\"><\/span><\/span> <span class=\"post-date updated\"><time class=\"post-date updated\" itemprop=\"datePublished\" datetime=\"2021-05-08\">\u00a0| Il y a 15 secondes<\/time><\/span><br \/>\n<meta itemprop=\"dateModified\" content=\"2021-05-08\"\/><\/div>\n<div class=\"left relative\"><button id=\"listenButton1\" class=\"responsivevoice-button\" type=\"button\" value=\"Play\" title=\"\u00c9coutez l'article\"><span>\ud83d\udd0a \u00c9coutez l&rsquo;article<\/span><\/button>\n<\/div>\n<\/div>\n<\/div>\n<p>L\u2019international tunisien de FC Cologne Ellyes Skhiri disputera demain son 200\u00e8me match en Europe.<\/p>\n<p>Le FC Cologne recevra ce dimanche 09 mai 2021 Freiburg pour le compte de la 32\u00e8me journ\u00e9e de la Bundesliga. \u00e7a sera l\u2019occasion pour le milieu de terrain de 25 ans de f\u00eater son 200\u00e8me match en Europe.<\/p>\n<div class=\"code-block code-block-1 c4\">\n <ins class=\"adsbygoogle c3\" data-ad-layout=\"in-article\" data-ad-format=\"fluid\" data-ad-client=\"ca-pub-2102118777505746\" data-ad-slot=\"7301775417\"\/>\n<\/div>\n<p>Skhiri a d\u00e9j\u00e0 disput\u00e9 199 rencontres, dont 133 avec son ancien club fran\u00e7ais, le Montpellier HSC et 66 avec son \u00e9quipe actuelle. Durant ces 199 confrontations, le natif de Lunel (France) a sign\u00e9 16 buts avec 11 passes d\u00e9cisives dans toutes comp\u00e9titions confondues.<\/p>\n<p>Consid\u00e9r\u00e9 comme l\u2019un des meilleurs milieux de terrain en Bundesliga, Ellyes Skhiri est cibl\u00e9 par des clubs plus hupp\u00e9s, en France, en Allemagne et en Espagne notamment, et ne manquera sans doute pas d\u2019offres cet \u00e9t\u00e9.<\/p>\n<p>L\u2019international tunisien se bat pour assurer le maintien de son \u00e9curie, actuellement 16e et barragiste. \u00abJ\u2019ai un contrat. Je ne serai donc pas le seul \u00e0 pouvoir prendre cette d\u00e9cision. Pour l\u2019instant, je veux tout donner pour le maintien. J\u2019esp\u00e8re de tout mon c\u0153ur que nous pourrons rester en Bundesliga\u00bb, a-t-il confi\u00e9 au m\u00e9dia sp\u00e9cialis\u00e9 Geissblog K\u00f6ln.<\/p>\n<div class=\"heateor_sss_sharing_container heateor_sss_horizontal_sharing\" heateor-sss-data-href=\"https:\/\/sport.tunisienumerique.com\/expatries-ellyes-skhiri-disputera-son-200e-match-en-europe-fabuleux\/\">\n<div class=\"heateor_sss_sharing_title c5\">Cet article vous a \u00e9t\u00e9 utile? Partagez le, il int\u00e9ressera d\u2019autres personnes. Merci!<\/div>\n<ul class=\"heateor_sss_sharing_ul\">\n<li class=\"heateorSssSharingRound\"><em alt=\"Facebook\" title=\"Facebook\" class=\"heateorSssSharing heateorSssFacebookBackground c6\" onclick=\"heateorSssPopup(&quot;https:\/\/www.facebook.com\/sharer\/sharer.php?u=https%3A%2F%2Fsport.tunisienumerique.com%2Fexpatries-ellyes-skhiri-disputera-son-200e-match-en-europe-fabuleux%2F&quot;)\">\u00a0<\/em><\/li>\n<li class=\"heateorSssSharingRound\"><em alt=\"Twitter\" title=\"Twitter\" class=\"heateorSssSharing heateorSssTwitterBackground c6\" onclick=\"heateorSssPopup(&quot;http:\/\/twitter.com\/intent\/tweet?text=Expatri%C3%A9s%20%3A%20Ellyes%20Skhiri%20disputera%20son%20200e%20match%20en%20Europe%2C%20fabuleux%20%21&amp;url=https%3A%2F%2Fsport.tunisienumerique.com%2Fexpatries-ellyes-skhiri-disputera-son-200e-match-en-europe-fabuleux%2F&quot;)\">\u00a0<\/em><\/li>\n<li class=\"heateorSssSharingRound\"><em alt=\"Linkedin\" title=\"Linkedin\" class=\"heateorSssSharing heateorSssLinkedinBackground c6\" onclick=\"heateorSssPopup(&quot;http:\/\/www.linkedin.com\/shareArticle?mini=true&amp;url=https%3A%2F%2Fsport.tunisienumerique.com%2Fexpatries-ellyes-skhiri-disputera-son-200e-match-en-europe-fabuleux%2F&amp;title=Expatri%C3%A9s%20%3A%20Ellyes%20Skhiri%20disputera%20son%20200e%20match%20en%20Europe%2C%20fabuleux%20%21&quot;)\">\u00a0<\/em><\/li>\n<li class=\"heateorSssSharingRound\"><em alt=\"Google Gmail\" title=\"Google Gmail\" class=\"heateorSssSharing heateorSssGoogleGmailBackground c6\" onclick=\"heateorSssPopup(&quot;https:\/\/mail.google.com\/mail\/?ui=2&amp;view=cm&amp;fs=1&amp;tf=1&amp;su=Expatri%C3%A9s%20%3A%20Ellyes%20Skhiri%20disputera%20son%20200e%20match%20en%20Europe%2C%20fabuleux%20%21&amp;body=Link:https%3A%2F%2Fsport.tunisienumerique.com%2Fexpatries-ellyes-skhiri-disputera-son-200e-match-en-europe-fabuleux%2F&quot;)\">\u00a0<\/em><\/li>\n<li class=\"heateorSssSharingRound\"><em alt=\"Whatsapp\" title=\"Whatsapp\" class=\"heateorSssSharing heateorSssWhatsappBackground c6\"><a href=\"https:\/\/web.whatsapp.com\/send?text=Expatri%C3%A9s%20%3A%20Ellyes%20Skhiri%20disputera%20son%20200e%20match%20en%20Europe%2C%20fabuleux%20%21%20https%3A%2F%2Fsport.tunisienumerique.com%2Fexpatries-ellyes-skhiri-disputera-son-200e-match-en-europe-fabuleux%2F\" rel=\"nofollow noopener\" target=\"_blank\">\u00a0<\/a><\/em><\/li>\n<li class=\"heateorSssSharingRound\">\u00a0<\/li>\n<\/ul>\n<\/div>\n<p><strong>Que se passe-t-il en Tunisie?<\/strong><br \/>Nous expliquons sur notre <a href=\"https:\/\/www.youtube.com\/channel\/UCRzypVq0B_yBad5eGrwBx0Q?sub_confirmation=1\" target=\"_blank\" rel=\"noopener\">cha\u00eene YouTube<\/a> . <a href=\"https:\/\/www.youtube.com\/channel\/UCRzypVq0B_yBad5eGrwBx0Q?sub_confirmation=1\" target=\"_blank\" rel=\"noopener\">Abonnez-vous!<\/a><\/p>\n<div class=\"mvp-org-wrap\" itemprop=\"publisher\" itemscope=\"itemscope\" itemtype=\"https:\/\/schema.org\/Organization\">\n<div class=\"mvp-org-logo\" itemprop=\"logo\" itemscope=\"itemscope\" itemtype=\"https:\/\/schema.org\/ImageObject\"><img decoding=\"async\" src=\"https:\/\/sport.tunisienumerique.com\/wp-content\/uploads\/2021\/04\/logo_tunisie_numerique-2.png\"\/><br \/>\n<meta itemprop=\"url\" content=\"https:\/\/sport.tunisienumerique.com\/wp-content\/uploads\/2021\/04\/logo_tunisie_numerique-2.png\"\/><\/div>\n<p><meta itemprop=\"name\" content=\"Sport By TN\"\/><\/div>\n<div class=\"mvp-related-posts left relative\">\n<h4 class=\"post-header\"><span class=\"post-header\">Lire aussi<\/span><\/h4>\n<\/div>\n<div id=\"article-ad\">\n <ins class=\"adsbygoogle c7\" data-ad-client=\"ca-pub-2102118777505746\" data-ad-slot=\"6513972734\" data-ad-format=\"auto\" data-full-width-responsive=\"true\"\/>\n<\/div>\n<\/div>\n<div id=\"post-sidebar-wrap\">\n <ins class=\"adsbygoogle c7\" data-ad-client=\"ca-pub-2102118777505746\" data-ad-slot=\"6513972734\" data-ad-format=\"auto\" data-full-width-responsive=\"true\"\/>\n<\/div>\n<p>Auteur:<br \/>\n<a href=\"https:\/\/sport.tunisienumerique.com\/expatries-ellyes-skhiri-disputera-son-200e-match-en-europe-fabuleux\/\">Cliquez ici pour lire l&rsquo;article depuis sa source.<\/a><\/p>\n","protected":false},"excerpt":{"rendered":"<p>By Fakhreddine Ben Malek \u00a0| Il y a 15 secondes \ud83d\udd0a \u00c9coutez l&rsquo;article L\u2019international tunisien de FC Cologne Ellyes Skhiri disputera demain son 200\u00e8me match en Europe. Le FC Cologne recevra ce dimanche 09 mai 2021 Freiburg pour le compte de la 32\u00e8me journ\u00e9e de la Bundesliga. \u00e7a sera l\u2019occasion pour le milieu de terrain [&hellip;]<\/p>\n","protected":false},"author":1789,"featured_media":0,"comment_status":"closed","ping_status":"closed","sticky":false,"template":"","format":"standard","meta":{"fifu_image_url":"https:\/\/secure.gravatar.com\/avatar\/e08a32c38bbac601a92c63c79d61b38d?s=50&d=mm&r=g","fifu_image_alt":"Expatri\u00e9s : Ellyes Skhiri disputera son 200e match en Europe, fabuleux !","footnotes":""},"categories":[73,55],"tags":[],"class_list":["post-116411","post","type-post","status-publish","format-standard","hentry","category-actualite","category-tunisie"],"_links":{"self":[{"href":"https:\/\/linitiative.ca\/International\/wp-json\/wp\/v2\/posts\/116411","targetHints":{"allow":["GET"]}}],"collection":[{"href":"https:\/\/linitiative.ca\/International\/wp-json\/wp\/v2\/posts"}],"about":[{"href":"https:\/\/linitiative.ca\/International\/wp-json\/wp\/v2\/types\/post"}],"author":[{"embeddable":true,"href":"https:\/\/linitiative.ca\/International\/wp-json\/wp\/v2\/users\/1789"}],"replies":[{"embeddable":true,"href":"https:\/\/linitiative.ca\/International\/wp-json\/wp\/v2\/comments?post=116411"}],"version-history":[{"count":0,"href":"https:\/\/linitiative.ca\/International\/wp-json\/wp\/v2\/posts\/116411\/revisions"}],"wp:attachment":[{"href":"https:\/\/linitiative.ca\/International\/wp-json\/wp\/v2\/media?parent=116411"}],"wp:term":[{"taxonomy":"category","embeddable":true,"href":"https:\/\/linitiative.ca\/International\/wp-json\/wp\/v2\/categories?post=116411"},{"taxonomy":"post_tag","embeddable":true,"href":"https:\/\/linitiative.ca\/International\/wp-json\/wp\/v2\/tags?post=116411"}],"curies":[{"name":"wp","href":"https:\/\/api.w.org\/{rel}","templated":true}]}}