{"id":116413,"date":"2021-05-08T08:18:01","date_gmt":"2021-05-08T12:18:01","guid":{"rendered":"https:\/\/linitiative.ca\/International\/economie-et-sante-au-menu-des-quotidiens-et-hebdomadaires-marocains\/"},"modified":"2021-05-08T08:18:01","modified_gmt":"2021-05-08T12:18:01","slug":"economie-et-sante-au-menu-des-quotidiens-et-hebdomadaires-marocains","status":"publish","type":"post","link":"https:\/\/linitiative.ca\/International\/economie-et-sante-au-menu-des-quotidiens-et-hebdomadaires-marocains\/","title":{"rendered":"Economie et sant\u00e9 au menu des quotidiens et hebdomadaires marocains"},"content":{"rendered":"<div readability=\"32\">\n<p>Publi\u00e9 le 08.05.2021 \u00e0 13h18 par APA News<\/p>\n<\/div>\n<div readability=\"91\">\n<p>Les quotidiens et hebdomadaires marocains se focalisent sur nombre de sujets notamment l\u2019attractivit\u00e9 de l\u2019\u00e9conomie marocaine, les transferts des MRE, la prolongation de l\u2019\u00e9tat d\u2019urgence sanitaire et la n\u00e9cessit\u00e9 de respecter les mesures sanitaires.+Maroc Hebdo+ \u00e9crit que le Maroc gagne en attractivit\u00e9 et en stabilit\u00e9 en Afrique. Il a ainsi gagn\u00e9 une place en attractivit\u00e9 et deux en stabilit\u00e9 par rapport \u00e0 l\u2019\u00e9dition pr\u00e9c\u00e9dente des Indices de la stabilit\u00e9 et de l\u2019attractivit\u00e9 en Afrique de l\u2019institut Amadeus.<\/p>\n<p>L\u2019\u00e9dition 2021, r\u00e9alis\u00e9e avec le soutien de Casablanca Finance City Authority, est compos\u00e9e de plus de 70 sous-indicateurs qui permettent d\u2019offrir une vision globale de la situation \u00e9conomique, politique et s\u00e9curitaire du continent, fait savoir l\u2019hebdomadaire.<\/p>\n<p>Dans l\u2019\u00e9dition 2021, le Maroc est class\u00e9 4e en termes de potentiel et dynamique du march\u00e9 domestique. Dans le classement global d\u2019attractivit\u00e9, il se positionne au 2e rang, apr\u00e8s l\u2019Ile Maurice et devant l\u2019Afrique du sud (3e). Quant \u00e0 l\u2019indice de stabilit\u00e9, le Royaume se retrouve \u00e0 la 3e place, apr\u00e8s le Botswana (2e) et l\u2019Ile Maurice (1er).<\/p>\n<p>+Lib\u00e9ration+ rapporte que les transferts de fonds effectu\u00e9s par les Marocains r\u00e9sidant \u00e0 l\u2019\u00e9tranger (MRE) ont augment\u00e9 de 41,8% au titre des trois premiers mois de cette ann\u00e9e.<\/p>\n<p>Selon l\u2019Office des changes, cit\u00e9 par le journal, ces transferts se sont ainsi \u00e9tablis \u00e0 plus de 20,89 milliards de dirhams \u00e0 fin mars dernier contre 14,73 milliards DH (1 euro = 10,8 DH) durant la m\u00eame p\u00e9riode un an auparavant.<\/p>\n<p>+Al Massae+ fait savoir que le Conseil de gouvernement, r\u00e9uni jeudi par visioconf\u00e9rence, a d\u00e9cid\u00e9 de prolonger l\u2019\u00e9tat d\u2019urgence sanitaire sur l\u2019ensemble du territoire national jusqu\u2019au 10 juin 2021, et ce dans le cadre des efforts de lutte contre la propagation de la pand\u00e9mie du nouveau coronavirus (Covid-19).<\/p>\n<p>+Le Matin+ rapporte que que le minist\u00e8re de l\u2019Int\u00e9rieur a affirm\u00e9, vendredi, la n\u00e9cessit\u00e9 de continuer \u00e0 respecter les mesures en vigueur relatives \u00e0 l\u2019enterrement et aux fun\u00e9railles, et ce en vue de lutter contre le nouveau coronavirus.<\/p>\n<p>Dans le cadre des mesures pr\u00e9ventives en vigueur pour circonscrire la propagation du Covid-19 et pr\u00e9server la sant\u00e9 des citoyennes et citoyens, le minist\u00e8re de l\u2019Int\u00e9rieur a rappel\u00e9, dans un communiqu\u00e9, la n\u00e9cessit\u00e9 de continuer \u00e0 respecter les mesures pr\u00e9c\u00e9demment annonc\u00e9es: se limiter \u00e0 10 personnes au maximum lors de la c\u00e9r\u00e9monie d\u2019enterrement et interdire l\u2019organisation des fun\u00e9railles.<\/p>\n<\/div>\n<p>Auteur: APA News<br \/>\n<a href=\"https:\/\/www.journalducameroun.com\/economie-et-sante-au-menu-des-quotidiens-et-hebdomadaires-marocains\/\">Cliquez ici pour lire l&rsquo;article depuis sa source.<\/a><\/p>\n","protected":false},"excerpt":{"rendered":"<p>Publi\u00e9 le 08.05.2021 \u00e0 13h18 par APA News Les quotidiens et hebdomadaires marocains se focalisent sur nombre de sujets notamment l\u2019attractivit\u00e9 de l\u2019\u00e9conomie marocaine, les transferts des MRE, la prolongation de l\u2019\u00e9tat d\u2019urgence sanitaire et la n\u00e9cessit\u00e9 de respecter les mesures sanitaires.+Maroc Hebdo+ \u00e9crit que le Maroc gagne en attractivit\u00e9 et en stabilit\u00e9 en Afrique. [&hellip;]<\/p>\n","protected":false},"author":1965,"featured_media":0,"comment_status":"closed","ping_status":"closed","sticky":false,"template":"","format":"standard","meta":{"fifu_image_url":"","fifu_image_alt":"","footnotes":""},"categories":[73,82],"tags":[],"class_list":["post-116413","post","type-post","status-publish","format-standard","hentry","category-actualite","category-cameroun"],"_links":{"self":[{"href":"https:\/\/linitiative.ca\/International\/wp-json\/wp\/v2\/posts\/116413","targetHints":{"allow":["GET"]}}],"collection":[{"href":"https:\/\/linitiative.ca\/International\/wp-json\/wp\/v2\/posts"}],"about":[{"href":"https:\/\/linitiative.ca\/International\/wp-json\/wp\/v2\/types\/post"}],"author":[{"embeddable":true,"href":"https:\/\/linitiative.ca\/International\/wp-json\/wp\/v2\/users\/1965"}],"replies":[{"embeddable":true,"href":"https:\/\/linitiative.ca\/International\/wp-json\/wp\/v2\/comments?post=116413"}],"version-history":[{"count":0,"href":"https:\/\/linitiative.ca\/International\/wp-json\/wp\/v2\/posts\/116413\/revisions"}],"wp:attachment":[{"href":"https:\/\/linitiative.ca\/International\/wp-json\/wp\/v2\/media?parent=116413"}],"wp:term":[{"taxonomy":"category","embeddable":true,"href":"https:\/\/linitiative.ca\/International\/wp-json\/wp\/v2\/categories?post=116413"},{"taxonomy":"post_tag","embeddable":true,"href":"https:\/\/linitiative.ca\/International\/wp-json\/wp\/v2\/tags?post=116413"}],"curies":[{"name":"wp","href":"https:\/\/api.w.org\/{rel}","templated":true}]}}