{"id":116414,"date":"2021-05-08T13:18:01","date_gmt":"2021-05-08T17:18:01","guid":{"rendered":"https:\/\/linitiative.ca\/International\/cote-divoire-larabie-saoudite-annonce-une-grande-ecole-islamique\/"},"modified":"2021-05-08T13:18:01","modified_gmt":"2021-05-08T17:18:01","slug":"cote-divoire-larabie-saoudite-annonce-une-grande-ecole-islamique","status":"publish","type":"post","link":"https:\/\/linitiative.ca\/International\/cote-divoire-larabie-saoudite-annonce-une-grande-ecole-islamique\/","title":{"rendered":"C\u00f4te d\u2019Ivoire : l\u2019Arabie Saoudite annonce une grande \u00e9cole islamique"},"content":{"rendered":"<div readability=\"32\">\n<p>Publi\u00e9 le 08.05.2021 \u00e0 18h18 par APA News<\/p>\n<\/div>\n<div readability=\"69\">\n<p>L\u2019Arabie Saoudite va construire en C\u00f4te d\u2019Ivoire une grande \u00e9cole islamique de diff\u00e9rentes sp\u00e9cialit\u00e9s avec toutes les commodit\u00e9s et un campus, a annonc\u00e9 jeudi soir \u00e0 Abidjan, son ambassadeur accr\u00e9dit\u00e9 dans le pays, Abdullah Bin Hamad Alsobaiee.<\/p>\n<p>Le diplomate saoudien s\u2019exprimait \u00e0 l\u2019occasion d\u2019une rupture collective de je\u00fbne du ramadan qu\u2019il avait organis\u00e9 \u00e0 sa r\u00e9sidence sise \u00e0 Cocody, un quartier hupp\u00e9 dans l\u2019Est d\u2019Abidjan, avec des journalistes et communicateurs ivoiriens.<\/p>\n<p>\u00ab (\u2026) Il y a d\u2019autres projets importants qui sont en phase de pr\u00e9paration dont la construction d\u2019un lyc\u00e9e islamique pour les filles et les gar\u00e7ons. C\u2019est une grande \u00e9cole avec un campus et diff\u00e9rentes sp\u00e9cialit\u00e9s de sorte \u00e0 ce que les ivoiriens puissent se former sur place \u00bb, a r\u00e9v\u00e9l\u00e9 l\u2019\u00e9missaire du roi Sa Majest\u00e9 \u00a0Bin Abdel Aziz Al Saud.<\/p>\n<p>Poursuivant, il a annonc\u00e9 \u00e9galement plusieurs autres projets ex\u00e9cut\u00e9s ou en cours d\u2019ex\u00e9cution par son pays en C\u00f4te d\u2019Ivoire. Notamment, la cr\u00e9ation d\u2019un centre islamique en C\u00f4te d\u2019Ivoire, un projet qui verra le jour bient\u00f4t, dira-t-il et \u00a0la r\u00e9habilitation et la construction de mosqu\u00e9es, etc.<\/p>\n<p>Par ailleurs, Abdullah Bin Hamad a insist\u00e9 sur l\u2019engagement de son pays \u00e0 aider dans l\u2019ex\u00e9cution des projets que pr\u00e9sentera la C\u00f4te d\u2019Ivoire dans le cadre de la coop\u00e9ration bilat\u00e9rale.<\/p>\n<p>\u00abIl y a des accords en pr\u00e9paration dont celui de la protection des investissements entre les deux pays. Il y a aussi la coop\u00e9ration culturelle et technique. Il y a en outre des projets qui ont \u00e9t\u00e9 conclus \u00e0 travers le fonds saoudien de d\u00e9veloppement \u00bb, a \u00e9num\u00e9r\u00e9 le diplomate saoudien saluant l\u2019excellence de la coop\u00e9ration entre son pays et la C\u00f4te d\u2019Ivoire.<\/p>\n<\/div>\n<p>Auteur: APA News<br \/>\n<a href=\"https:\/\/www.journalducameroun.com\/cote-divoire-larabie-saoudite-annonce-une-grande-ecole-islamique\/\">Cliquez ici pour lire l&rsquo;article depuis sa source.<\/a><\/p>\n","protected":false},"excerpt":{"rendered":"<p>Publi\u00e9 le 08.05.2021 \u00e0 18h18 par APA News L\u2019Arabie Saoudite va construire en C\u00f4te d\u2019Ivoire une grande \u00e9cole islamique de diff\u00e9rentes sp\u00e9cialit\u00e9s avec toutes les commodit\u00e9s et un campus, a annonc\u00e9 jeudi soir \u00e0 Abidjan, son ambassadeur accr\u00e9dit\u00e9 dans le pays, Abdullah Bin Hamad Alsobaiee. Le diplomate saoudien s\u2019exprimait \u00e0 l\u2019occasion d\u2019une rupture collective de [&hellip;]<\/p>\n","protected":false},"author":1965,"featured_media":0,"comment_status":"closed","ping_status":"closed","sticky":false,"template":"","format":"standard","meta":{"fifu_image_url":"","fifu_image_alt":"","footnotes":""},"categories":[73,82],"tags":[],"class_list":["post-116414","post","type-post","status-publish","format-standard","hentry","category-actualite","category-cameroun"],"_links":{"self":[{"href":"https:\/\/linitiative.ca\/International\/wp-json\/wp\/v2\/posts\/116414","targetHints":{"allow":["GET"]}}],"collection":[{"href":"https:\/\/linitiative.ca\/International\/wp-json\/wp\/v2\/posts"}],"about":[{"href":"https:\/\/linitiative.ca\/International\/wp-json\/wp\/v2\/types\/post"}],"author":[{"embeddable":true,"href":"https:\/\/linitiative.ca\/International\/wp-json\/wp\/v2\/users\/1965"}],"replies":[{"embeddable":true,"href":"https:\/\/linitiative.ca\/International\/wp-json\/wp\/v2\/comments?post=116414"}],"version-history":[{"count":0,"href":"https:\/\/linitiative.ca\/International\/wp-json\/wp\/v2\/posts\/116414\/revisions"}],"wp:attachment":[{"href":"https:\/\/linitiative.ca\/International\/wp-json\/wp\/v2\/media?parent=116414"}],"wp:term":[{"taxonomy":"category","embeddable":true,"href":"https:\/\/linitiative.ca\/International\/wp-json\/wp\/v2\/categories?post=116414"},{"taxonomy":"post_tag","embeddable":true,"href":"https:\/\/linitiative.ca\/International\/wp-json\/wp\/v2\/tags?post=116414"}],"curies":[{"name":"wp","href":"https:\/\/api.w.org\/{rel}","templated":true}]}}