{"id":116415,"date":"2021-05-08T15:18:02","date_gmt":"2021-05-08T19:18:02","guid":{"rendered":"https:\/\/linitiative.ca\/International\/covid-19-le-maroc-elargit-la-vaccination-aux-personnes-de-plus-de-50-ans\/"},"modified":"2021-05-08T15:18:02","modified_gmt":"2021-05-08T19:18:02","slug":"covid-19-le-maroc-elargit-la-vaccination-aux-personnes-de-plus-de-50-ans","status":"publish","type":"post","link":"https:\/\/linitiative.ca\/International\/covid-19-le-maroc-elargit-la-vaccination-aux-personnes-de-plus-de-50-ans\/","title":{"rendered":"Covid-19: Le Maroc \u00e9largit la vaccination aux personnes de plus de 50 ans"},"content":{"rendered":"<div readability=\"32\">\n<p>Publi\u00e9 le 08.05.2021 \u00e0 20h18 par APA News<\/p>\n<\/div>\n<div readability=\"52\">\n<p>La campagne de vaccination au Maroc est \u00e9largie aux personnes \u00e2g\u00e9es entre 50 et 55 ans, annonce samedi un communiqu\u00e9 du minist\u00e8re de la Sant\u00e9.Dans ce communiqu\u00e9, le minist\u00e8re affirme que cette mesure s\u2019inscrit dans le cadre de la campagne nationale de vaccination contre le coronavirus, appelant tous les citoyens appartenant aux cat\u00e9gories cibl\u00e9es \u00e0 poursuivre leur adh\u00e9sion \u00e0 ce chantier national d\u2019envergure en vue de progresser vers l\u2019immunit\u00e9 collective.<\/p>\n<p>Le minist\u00e8re insiste aussi sur la n\u00e9cessit\u00e9 de continuer \u00e0 se conformer aux mesures de pr\u00e9vention avant, pendant et apr\u00e8s l\u2019op\u00e9ration de vaccination anti-Covid-19, pour contribuer aux efforts de lutte contre la propagation du virus, notamment apr\u00e8s la d\u00e9couverte de nouveaux variants au Maroc.<\/p>\n<p>A ce jour, un total de 5.473.809 de personnes a re\u00e7u la premi\u00e8re dose du vaccin contre la Covid-19. En m\u00eame temps, le nombre total des personnes ayant pris leur deuxi\u00e8me dose du vaccin a atteint 4 390 752.<\/p>\n<\/div>\n<p>Auteur: APA News<br \/>\n<a href=\"https:\/\/www.journalducameroun.com\/covid-19-le-maroc-elargit-la-vaccination-aux-personnes-de-plus-de-50-ans\/\">Cliquez ici pour lire l&rsquo;article depuis sa source.<\/a><\/p>\n","protected":false},"excerpt":{"rendered":"<p>Publi\u00e9 le 08.05.2021 \u00e0 20h18 par APA News La campagne de vaccination au Maroc est \u00e9largie aux personnes \u00e2g\u00e9es entre 50 et 55 ans, annonce samedi un communiqu\u00e9 du minist\u00e8re de la Sant\u00e9.Dans ce communiqu\u00e9, le minist\u00e8re affirme que cette mesure s\u2019inscrit dans le cadre de la campagne nationale de vaccination contre le coronavirus, appelant [&hellip;]<\/p>\n","protected":false},"author":1965,"featured_media":0,"comment_status":"closed","ping_status":"closed","sticky":false,"template":"","format":"standard","meta":{"fifu_image_url":"","fifu_image_alt":"","footnotes":""},"categories":[73,82],"tags":[],"class_list":["post-116415","post","type-post","status-publish","format-standard","hentry","category-actualite","category-cameroun"],"_links":{"self":[{"href":"https:\/\/linitiative.ca\/International\/wp-json\/wp\/v2\/posts\/116415","targetHints":{"allow":["GET"]}}],"collection":[{"href":"https:\/\/linitiative.ca\/International\/wp-json\/wp\/v2\/posts"}],"about":[{"href":"https:\/\/linitiative.ca\/International\/wp-json\/wp\/v2\/types\/post"}],"author":[{"embeddable":true,"href":"https:\/\/linitiative.ca\/International\/wp-json\/wp\/v2\/users\/1965"}],"replies":[{"embeddable":true,"href":"https:\/\/linitiative.ca\/International\/wp-json\/wp\/v2\/comments?post=116415"}],"version-history":[{"count":0,"href":"https:\/\/linitiative.ca\/International\/wp-json\/wp\/v2\/posts\/116415\/revisions"}],"wp:attachment":[{"href":"https:\/\/linitiative.ca\/International\/wp-json\/wp\/v2\/media?parent=116415"}],"wp:term":[{"taxonomy":"category","embeddable":true,"href":"https:\/\/linitiative.ca\/International\/wp-json\/wp\/v2\/categories?post=116415"},{"taxonomy":"post_tag","embeddable":true,"href":"https:\/\/linitiative.ca\/International\/wp-json\/wp\/v2\/tags?post=116415"}],"curies":[{"name":"wp","href":"https:\/\/api.w.org\/{rel}","templated":true}]}}