{"id":116416,"date":"2021-05-08T15:18:02","date_gmt":"2021-05-08T19:18:02","guid":{"rendered":"https:\/\/linitiative.ca\/International\/les-boulangers-ivoiriens-demandent-linterdiction-de-la-vente-du-pain-dans-les-boutiques\/"},"modified":"2021-05-08T15:18:02","modified_gmt":"2021-05-08T19:18:02","slug":"les-boulangers-ivoiriens-demandent-linterdiction-de-la-vente-du-pain-dans-les-boutiques","status":"publish","type":"post","link":"https:\/\/linitiative.ca\/International\/les-boulangers-ivoiriens-demandent-linterdiction-de-la-vente-du-pain-dans-les-boutiques\/","title":{"rendered":"Les boulangers ivoiriens demandent l\u2019interdiction de la vente du pain dans les boutiques"},"content":{"rendered":"<div readability=\"32\">\n<p>Publi\u00e9 le 08.05.2021 \u00e0 20h18 par APA News<\/p>\n<\/div>\n<div readability=\"89\">\n<p>Les boulangers ivoiriens ont demand\u00e9 samedi \u00e0 Abidjan \u00e0 l\u2019Etat de C\u00f4te d\u2019Ivoire de veiller \u00e0 l\u2019application des lois interdisant d\u2019une part la vente du pain dans les boutiques de quartier et d\u2019autre part, le transport du pain sur les charrettes et les motos.<\/p>\n<p>Les boulangers ont en outre annonc\u00e9 le maintien du prix de la baguette de pain \u00absorti boulangerie\u00bb \u00e0 150 FCFA, mena\u00e7ant de sanctions les boulangers qui vendront la baguette de pain en de\u00e7\u00e0 de ce prix \u00e0 des grossistes.<\/p>\n<p>\u00a0Ces d\u00e9cisions ont \u00e9t\u00e9 annonc\u00e9es \u00e0 l\u2019issue d\u2019une r\u00e9union d\u2019information du Haut patronat des boulangeries et p\u00e2tisseries de C\u00f4te d\u2019Ivoire ( HBPCI), de la F\u00e9d\u00e9ration interprofessionnelle des patrons artisans boulangers et p\u00e2tissiers de C\u00f4te d\u2019Ivoire ( FIPABPCI) et de la F\u00e9d\u00e9ration des coordinations des boulangers et p\u00e2tissiers de C\u00f4te d\u2019Ivoire ( FCBPCI), \u00a0trois fa\u00eeti\u00e8res du secteur de la boulangerie pr\u00e9sid\u00e9es respectivement par Amadou Coulibaly, Abey Marius et Issouf Barry.<\/p>\n<p>Cette r\u00e9union tenue dans la commune d\u2019Abobo, au nord d\u2019Abidjan, \u00e9tait destin\u00e9e \u00e0 faire des propositions au gouvernement en vue de r\u00e9sorber les difficult\u00e9s qui jalonnent ce secteur.<\/p>\n<p>\u00abNous vous demandons d\u2019appliquer le prix sorti boulangerie de la baguette de pain \u00e0 150 FCFA sur toute l\u2019\u00e9tendue du territoire national \u00e0 partir du 12 mai 2021. Les boulangeries qui ne respecteront pas ce prix seront ferm\u00e9es \u00bb, a pr\u00e9venu Abey Marius, le pr\u00e9sident de la FIPABPCI.<\/p>\n<p>\u00ab Nous demandons \u00e0 l\u2019Etat de jouer son r\u00f4le en veillant au respect de l\u2019interdiction de la vente du pain dans les boutiques de quartier et de veiller \u00e9galement \u00e0 l\u2019interdiction du transport du pain sur les charrettes et les motos \u00bb, a-t-il ajout\u00e9.<\/p>\n<p>De son c\u00f4t\u00e9, Amadou Coulibaly, le pr\u00e9sident du HBPCI a demand\u00e9 aux boulangers de \u00a0demeurer mobilis\u00e9s et de rester \u00e0 l\u2019\u00e9coute de l\u2019issue des n\u00e9gociations en cours entre les faiti\u00e8res du secteur de la boulangerie et le gouvernement ivoirien relativement au prix de la baguette de pain.<\/p>\n<p>\u00a0\u00ab \u00a0Un prix bas de la baguette de pain ne garantit pas forc\u00e9ment la qualit\u00e9. Il faut un prix juste \u00bb, a estim\u00e9 M. Coulibaly soulignant \u00ab qu\u2019il faut que le consommateur et le gouvernement soient solidaires de nous \u00bb.<\/p>\n<p>\u00a0Abondant dans le m\u00eame sens que ses pairs quant aux difficult\u00e9s travers\u00e9es par les boulangers, Issouf Barry, le pr\u00e9sident de la FCBPCI \u00a0a soutenu que la situation \u00ab \u00a0est intenable \u00bb pour les boulangers.<\/p>\n<p>Poursuivant, il a d\u00e9nonc\u00e9 l\u2019augmentation du prix des intrants dans la production du pain alors que le prix de la baguette de pain, lui \u00a0est rest\u00e9 inchang\u00e9 depuis des ann\u00e9es. C\u2019est pourquoi, il a appel\u00e9 lui-aussi les boulangers \u00e0 rester \u00e0 l\u2019\u00e9coute des n\u00e9gociations en cours avec le gouvernement.<\/p>\n<\/div>\n<p>Auteur: APA News<br \/>\n<a href=\"https:\/\/www.journalducameroun.com\/les-boulangers-ivoiriens-demandent-linterdiction-de-la-vente-du-pain-dans-les-boutiques\/\">Cliquez ici pour lire l&rsquo;article depuis sa source.<\/a><\/p>\n","protected":false},"excerpt":{"rendered":"<p>Publi\u00e9 le 08.05.2021 \u00e0 20h18 par APA News Les boulangers ivoiriens ont demand\u00e9 samedi \u00e0 Abidjan \u00e0 l\u2019Etat de C\u00f4te d\u2019Ivoire de veiller \u00e0 l\u2019application des lois interdisant d\u2019une part la vente du pain dans les boutiques de quartier et d\u2019autre part, le transport du pain sur les charrettes et les motos. Les boulangers ont [&hellip;]<\/p>\n","protected":false},"author":1965,"featured_media":0,"comment_status":"closed","ping_status":"closed","sticky":false,"template":"","format":"standard","meta":{"fifu_image_url":"","fifu_image_alt":"","footnotes":""},"categories":[73,82],"tags":[],"class_list":["post-116416","post","type-post","status-publish","format-standard","hentry","category-actualite","category-cameroun"],"_links":{"self":[{"href":"https:\/\/linitiative.ca\/International\/wp-json\/wp\/v2\/posts\/116416","targetHints":{"allow":["GET"]}}],"collection":[{"href":"https:\/\/linitiative.ca\/International\/wp-json\/wp\/v2\/posts"}],"about":[{"href":"https:\/\/linitiative.ca\/International\/wp-json\/wp\/v2\/types\/post"}],"author":[{"embeddable":true,"href":"https:\/\/linitiative.ca\/International\/wp-json\/wp\/v2\/users\/1965"}],"replies":[{"embeddable":true,"href":"https:\/\/linitiative.ca\/International\/wp-json\/wp\/v2\/comments?post=116416"}],"version-history":[{"count":0,"href":"https:\/\/linitiative.ca\/International\/wp-json\/wp\/v2\/posts\/116416\/revisions"}],"wp:attachment":[{"href":"https:\/\/linitiative.ca\/International\/wp-json\/wp\/v2\/media?parent=116416"}],"wp:term":[{"taxonomy":"category","embeddable":true,"href":"https:\/\/linitiative.ca\/International\/wp-json\/wp\/v2\/categories?post=116416"},{"taxonomy":"post_tag","embeddable":true,"href":"https:\/\/linitiative.ca\/International\/wp-json\/wp\/v2\/tags?post=116416"}],"curies":[{"name":"wp","href":"https:\/\/api.w.org\/{rel}","templated":true}]}}