{"id":116417,"date":"2021-05-08T16:18:02","date_gmt":"2021-05-08T20:18:02","guid":{"rendered":"https:\/\/linitiative.ca\/International\/cote-divoire-un-depute-interpelle-letat-sur-les-risques-dinondation\/"},"modified":"2021-05-08T16:18:02","modified_gmt":"2021-05-08T20:18:02","slug":"cote-divoire-un-depute-interpelle-letat-sur-les-risques-dinondation","status":"publish","type":"post","link":"https:\/\/linitiative.ca\/International\/cote-divoire-un-depute-interpelle-letat-sur-les-risques-dinondation\/","title":{"rendered":"C\u00f4te d\u2019Ivoire: un d\u00e9put\u00e9 interpelle l\u2019Etat sur les risques d\u2019inondation"},"content":{"rendered":"<div readability=\"32\">\n<p>Publi\u00e9 le 08.05.2021 \u00e0 21h18 par APA News<\/p>\n<\/div>\n<div readability=\"122\">\n<p>Kety Soumahoro (EDS, opposition), d\u00e9put\u00e9 de Cocody, une commune hupp\u00e9e dans l\u2019Est d\u2019Abidjan, a invit\u00e9 samedi l\u2019Etat de C\u00f4te d\u2019Ivoire \u00e0 des actions de r\u00e9silience pour \u00e9viter des inondations, \u00e0 l\u2019approche de la saison des pluies, lors d\u2019un point de presse.<\/p>\n<p>\u00ab\u00a0J\u2019interpelle le gouvernement ivoirien sur la situation qui pr\u00e9vaut dans nos villes et quartiers pendant la saison des pluies, et sur la quasi absence et l\u2019inefficacit\u00e9 des interventions de l\u2019Etat\u00a0\u00bb, a d\u00e9clar\u00e9 le d\u00e9put\u00e9 Kety Lansin\u00e9 Soumahoro.<\/p>\n<p>Le d\u00e9put\u00e9 de Ensemble pour la d\u00e9mocratie et la souverainet\u00e9 (EDS), une organisation politique dont le r\u00e9f\u00e9rent est Laurent Gbagbo, a relev\u00e9 l\u2019obligation qui incombe au gouvernement d\u2019expliquer aux populations sa politique en mati\u00e8re d\u2019assainissement et de drainage.\u00a0<\/p>\n<p>Il a en outre interpell\u00e9 le gouvernement sur \u00ab\u00a0la n\u00e9cessit\u00e9 d\u2019indemniser\u00a0\u00bb les compatriotes impact\u00e9s par les d\u00e9g\u00e2ts dus aux pluies torrentielles, faisant observer que de fortes pluies ant\u00e9rieures ont \u00ab\u00a0d\u00e9grad\u00e9\u00a0\u00bb le cadre de vie partout dans le pays.<\/p>\n<p>\u00ab\u00a0A cela, s\u2019ajoutent malheureusement, les pertes en vies humaines, surtout dans le District d\u2019Abidjan avec plus de 18 personnes d\u00e9c\u00e9d\u00e9es en 2018, notamment dans les communes d\u2019Abobo (nord) et de Cocody\u00a0\u00bb, a-t-il soulign\u00e9.<\/p>\n<p>\u00ab\u00a0Comme l\u2019ensemble des Ivoiriens, je constate lors des inondations \u00e0 Abidjan que le manque criard de moyens d\u00e9ploy\u00e9s par l\u2019Etat, oblige les populations en d\u00e9tresse \u00e0 dormir \u00e0 la belle \u00e9toile, les plus chanceux b\u00e9n\u00e9ficient de la g\u00e9n\u00e9rosit\u00e9 de m\u00e9c\u00e8nes\u00a0\u00bb, a-t-il mentionn\u00e9.<\/p>\n<p>Pour le d\u00e9put\u00e9 ivoirien, \u00ab\u00a0il est de la responsabilit\u00e9 de l\u2019Etat de prendre toutes les mesures pour prot\u00e9ger les Ivoiriens des d\u00e9g\u00e2ts caus\u00e9s par les catastrophes naturelles\u00a0\u00bb. Cependant, il reste \u00ab\u00a0sourd en permanence aux demandes d\u2019indemnisation de certains syndics de copropri\u00e9t\u00e9, victimes des inondations\u00a0\u00bb.<\/p>\n<p>\u00ab\u00a0Si ces informations se confirment, il s\u2019agirait l\u00e0 d\u2019un manque de r\u00e9silience de la part des pouvoirs publics et ceci est contraire aux principes de bonne gouvernance\u00a0\u00bb, a poursuivi le d\u00e9put\u00e9 Kety Soumahoro.<\/p>\n<p>Il s\u2019est par la suite interrog\u00e9 \u00ab\u00a0o\u00f9 sont pass\u00e9s les fonds publics pr\u00e9vus pour la r\u00e9alisation des infrastructures d\u2019assainissement et de drainage, et quelle politique de protection civile le gouvernement met-il en oeuvre ?\u00a0\u00bb.<\/p>\n<p>En C\u00f4te d\u2019Ivoire, l\u2019organisme comp\u00e9tent pour pr\u00e9venir, secourir et assister les populations avant, pendant et apr\u00e8s les catastrophes naturelles est l\u2019Office national de la protection civile (ONPC), mais celui-ci est selon M. Soumahoro \u00ab\u00a0courcicuit\u00e9 par des multitudes d\u2019autres services de l\u2019Etat\u00a0\u00bb.<\/p>\n<p>Par ailleurs, dira-t-il, l\u2019Office national de la protection civile (ONPC) est \u00ab\u00a0souffrant d\u2019une instabilit\u00e9 chronique de son cadre juridique et institutionnel; et ne peut jouer pleinement son r\u00f4le. Il n\u2019est donc pas \u00e9tonnant que le gouvernement soit si inefficace en mati\u00e8re de protection civile\u00a0\u00bb.<\/p>\n<p>A quelques semaines de la prochaine saison des pluies, \u00ab\u00a0j\u2019invite instamment les pouvoirs publics \u00e0 informer les populations sur les mesures de pr\u00e9vention (\u2026), renseigner les Ivoiriens sur le syst\u00e8me indemnisation en cas de d\u00e9g\u00e2ts engendr\u00e9s par les inondations en particulier\u00a0\u00bb, a-t-il lanc\u00e9.<\/p>\n<p>M. Kety Soumahoro appelle aussi le gouvernement \u00e0 \u00ab\u00a0expliquer aux populations la nature, les co\u00fbts et les objectifs des infrastructures d\u2019assainissement et de drainage r\u00e9alis\u00e9es dans le District d\u2019Abidjan et notamment \u00e0 Cocody\u00a0\u00bb.\u00a0<\/p>\n<\/div>\n<p>Auteur: APA News<br \/>\n<a href=\"https:\/\/www.journalducameroun.com\/cote-divoire-un-depute-interpelle-letat-sur-les-risques-dinondation\/\">Cliquez ici pour lire l&rsquo;article depuis sa source.<\/a><\/p>\n","protected":false},"excerpt":{"rendered":"<p>Publi\u00e9 le 08.05.2021 \u00e0 21h18 par APA News Kety Soumahoro (EDS, opposition), d\u00e9put\u00e9 de Cocody, une commune hupp\u00e9e dans l\u2019Est d\u2019Abidjan, a invit\u00e9 samedi l\u2019Etat de C\u00f4te d\u2019Ivoire \u00e0 des actions de r\u00e9silience pour \u00e9viter des inondations, \u00e0 l\u2019approche de la saison des pluies, lors d\u2019un point de presse. \u00ab\u00a0J\u2019interpelle le gouvernement ivoirien sur la [&hellip;]<\/p>\n","protected":false},"author":1965,"featured_media":0,"comment_status":"closed","ping_status":"closed","sticky":false,"template":"","format":"standard","meta":{"fifu_image_url":"","fifu_image_alt":"","footnotes":""},"categories":[73,82],"tags":[],"class_list":["post-116417","post","type-post","status-publish","format-standard","hentry","category-actualite","category-cameroun"],"_links":{"self":[{"href":"https:\/\/linitiative.ca\/International\/wp-json\/wp\/v2\/posts\/116417","targetHints":{"allow":["GET"]}}],"collection":[{"href":"https:\/\/linitiative.ca\/International\/wp-json\/wp\/v2\/posts"}],"about":[{"href":"https:\/\/linitiative.ca\/International\/wp-json\/wp\/v2\/types\/post"}],"author":[{"embeddable":true,"href":"https:\/\/linitiative.ca\/International\/wp-json\/wp\/v2\/users\/1965"}],"replies":[{"embeddable":true,"href":"https:\/\/linitiative.ca\/International\/wp-json\/wp\/v2\/comments?post=116417"}],"version-history":[{"count":0,"href":"https:\/\/linitiative.ca\/International\/wp-json\/wp\/v2\/posts\/116417\/revisions"}],"wp:attachment":[{"href":"https:\/\/linitiative.ca\/International\/wp-json\/wp\/v2\/media?parent=116417"}],"wp:term":[{"taxonomy":"category","embeddable":true,"href":"https:\/\/linitiative.ca\/International\/wp-json\/wp\/v2\/categories?post=116417"},{"taxonomy":"post_tag","embeddable":true,"href":"https:\/\/linitiative.ca\/International\/wp-json\/wp\/v2\/tags?post=116417"}],"curies":[{"name":"wp","href":"https:\/\/api.w.org\/{rel}","templated":true}]}}