{"id":116423,"date":"2021-05-08T13:26:53","date_gmt":"2021-05-08T17:26:53","guid":{"rendered":"https:\/\/linitiative.ca\/International\/education-un-nouveau-guide-pour-les-candidats-de-lexamen-du-bac-2021\/"},"modified":"2021-05-08T13:26:53","modified_gmt":"2021-05-08T17:26:53","slug":"education-un-nouveau-guide-pour-les-candidats-de-lexamen-du-bac-2021","status":"publish","type":"post","link":"https:\/\/linitiative.ca\/International\/education-un-nouveau-guide-pour-les-candidats-de-lexamen-du-bac-2021\/","title":{"rendered":"Education: Un nouveau guide pour les candidats de l\u2019examen du bac 2021"},"content":{"rendered":"<header>\n<\/header>\n<div class=\"entry-content clearfix\" readability=\"50.073494917905\">\n<figure class=\"post-thumbnail\" itemprop=\"associatedMedia\" itemscope=\"itemscope\" itemtype=\"http:\/\/schema.org\/ImageObject\"><img decoding=\"async\" class=\"post_layout_5_img\" src=\"http:\/\/aujourdhui.ma\/wp-content\/uploads\/2020\/07\/Bac-2020-1.jpg\" alt=\"Education: Un nouveau guide pour les candidats de l\u2019examen du bac 2021\"\/><\/figure>\n<p><span class=\"c7\"><strong>Le Minist\u00e8re de l\u2019\u00e9ducation nationale, de la\u00a0formation\u00a0professionnelle, de l\u2019enseignement sup\u00e9rieur et de la recherche scientifique vient d\u2019annoncer dans un communiqu\u00e9, la publication d\u2019un guide pour les candidats de l\u2019examen de baccalaur\u00e9at au titre de l\u2019ann\u00e9e 2021.<\/strong><\/span> <span id=\"more-375973\"\/><\/p>\n<p>Ce guide a \u00e9t\u00e9 envoy\u00e9 par courrier \u00e9lectronique \u00e0 l\u2019ensemble des candidates et candidats via\u00a0<a href=\"\/cdn-cgi\/l\/email-protection#0e4d616a6b436f7d7d6f7c4e7a6f6f62676320636f\" target=\"_blank\" rel=\"noopener noreferrer\"><span class=\"__cf_email__\" data-cfemail=\"16557972735b7765657764566277777a7f7b387b77\">[email\u00a0protected]<\/span><\/a>.\u00a0 Cette initiative vise d\u2019une part \u00e0 renforcer le lien de communication des candidates et candidats, l\u2019encadrement des efforts des pr\u00e9paratifs pour passer le bac, et de les informer sur tous les volets juridiques et organisationnels sur les nouveaut\u00e9s concernant les examens.<\/p>\n<p>Et d\u2019autre part, de les informer sur de toutes les orientations et les mesures de pr\u00e9vention et de pr\u00e9caution face \u00e0 la pand\u00e9mie de Covid-19 pendant cette p\u00e9riode.<\/p>\n<p>Rappelons que les candidats devront disposer du code MASSAR pour y acc\u00e9der \u00e0 travers le site web\u00a0<a href=\"http:\/\/www.taalim.ma\/_blank\" target=\"_blank\" rel=\"noopener noreferrer\" data-saferedirecturl=\"https:\/\/www.google.com\/url?q=http:\/\/www.taalim.ma\/_blank&amp;source=gmail&amp;ust=1620580833991000&amp;usg=AFQjCNHUYTVBGQDJZ1fLCetPRVwOVQ0CSQ\">www.taalim.ma<\/a>\u00a0en acc\u00e9dant\u00a0<a href=\"\/cdn-cgi\/l\/email-protection#aae9c5cecfe7cbd9d9cbd8eadecbcbc6c3c784c7cb\" target=\"_blank\" rel=\"noopener noreferrer\"><span class=\"__cf_email__\" data-cfemail=\"e6a5898283ab8795958794a69287878a8f8bc88b87\">[email\u00a0protected]<\/span><\/a>\u00a0 avec leurs mots de passe respectifs. Au cas o\u00f9 le candidat ne dispose pas de mots de passe, il devra consulter le service \u00a0\u00e9lectronique \u00ab J\u2019ai oubli\u00e9 le mot de passe \u00bb \u00e0 travers le lien\u00a0\u00a0<a href=\"https:\/\/massarservice.men.gov.ma\/moutamadris\/MotPassOublieEleve_blank\" target=\"_blank\" rel=\"noopener noreferrer\" data-saferedirecturl=\"https:\/\/www.google.com\/url?q=https:\/\/massarservice.men.gov.ma\/moutamadris\/MotPassOublieEleve_blank&amp;source=gmail&amp;ust=1620580833991000&amp;usg=AFQjCNHQL_ihUR5LavYdHwKt5z0PN2O-lw\">https:\/\/massarservice.men.<wbr\/>gov.ma\/moutamadris<\/a> <strong><span class=\"c8\">MotPassOubl<wbr\/>ieEleve\u00a0<\/span><\/strong><\/p>\n<\/div>\n<p>Auteur: ALM<br \/>\n<a href=\"https:\/\/aujourdhui.ma\/societe\/education-un-nouveau-guide-pour-les-candidats-de-lexamen-du-bac-2021\">Cliquez ici pour lire l&rsquo;article depuis sa source.<\/a><\/p>\n","protected":false},"excerpt":{"rendered":"<p>Le Minist\u00e8re de l\u2019\u00e9ducation nationale, de la\u00a0formation\u00a0professionnelle, de l\u2019enseignement sup\u00e9rieur et de la recherche scientifique vient d\u2019annoncer dans un communiqu\u00e9, la publication d\u2019un guide pour les candidats de l\u2019examen de baccalaur\u00e9at au titre de l\u2019ann\u00e9e 2021. Ce guide a \u00e9t\u00e9 envoy\u00e9 par courrier \u00e9lectronique \u00e0 l\u2019ensemble des candidates et candidats via\u00a0[email\u00a0protected].\u00a0 Cette initiative vise d\u2019une [&hellip;]<\/p>\n","protected":false},"author":1759,"featured_media":0,"comment_status":"closed","ping_status":"closed","sticky":false,"template":"","format":"standard","meta":{"fifu_image_url":"http:\/\/aujourdhui.ma\/wp-content\/uploads\/2020\/07\/Bac-2020-1.jpg","fifu_image_alt":"Education: Un nouveau guide pour les candidats de l\u2019examen du bac 2021","footnotes":""},"categories":[73,54],"tags":[],"class_list":["post-116423","post","type-post","status-publish","format-standard","hentry","category-actualite","category-maroc"],"_links":{"self":[{"href":"https:\/\/linitiative.ca\/International\/wp-json\/wp\/v2\/posts\/116423","targetHints":{"allow":["GET"]}}],"collection":[{"href":"https:\/\/linitiative.ca\/International\/wp-json\/wp\/v2\/posts"}],"about":[{"href":"https:\/\/linitiative.ca\/International\/wp-json\/wp\/v2\/types\/post"}],"author":[{"embeddable":true,"href":"https:\/\/linitiative.ca\/International\/wp-json\/wp\/v2\/users\/1759"}],"replies":[{"embeddable":true,"href":"https:\/\/linitiative.ca\/International\/wp-json\/wp\/v2\/comments?post=116423"}],"version-history":[{"count":0,"href":"https:\/\/linitiative.ca\/International\/wp-json\/wp\/v2\/posts\/116423\/revisions"}],"wp:attachment":[{"href":"https:\/\/linitiative.ca\/International\/wp-json\/wp\/v2\/media?parent=116423"}],"wp:term":[{"taxonomy":"category","embeddable":true,"href":"https:\/\/linitiative.ca\/International\/wp-json\/wp\/v2\/categories?post=116423"},{"taxonomy":"post_tag","embeddable":true,"href":"https:\/\/linitiative.ca\/International\/wp-json\/wp\/v2\/tags?post=116423"}],"curies":[{"name":"wp","href":"https:\/\/api.w.org\/{rel}","templated":true}]}}