{"id":116424,"date":"2021-05-08T14:28:14","date_gmt":"2021-05-08T18:28:14","guid":{"rendered":"https:\/\/linitiative.ca\/International\/maroc-espagne-un-manifeste-signe-par-9-partis-politiques\/"},"modified":"2021-05-08T14:28:14","modified_gmt":"2021-05-08T18:28:14","slug":"maroc-espagne-un-manifeste-signe-par-9-partis-politiques","status":"publish","type":"post","link":"https:\/\/linitiative.ca\/International\/maroc-espagne-un-manifeste-signe-par-9-partis-politiques\/","title":{"rendered":"Maroc-Espagne : un manifeste sign\u00e9 par 9 partis politiques"},"content":{"rendered":"<header>\n<\/header>\n<div class=\"entry-content clearfix\" readability=\"68\">\n<figure class=\"post-thumbnail\" itemprop=\"associatedMedia\" itemscope=\"itemscope\" itemtype=\"http:\/\/schema.org\/ImageObject\"><img decoding=\"async\" class=\"post_layout_5_img\" src=\"http:\/\/aujourdhui.ma\/wp-content\/uploads\/2019\/07\/Maroc-Espagne.jpg\" alt=\"Maroc-Espagne : un manifeste sign\u00e9 par 9 partis politiques\"\/><\/figure>\n<p><span class=\"c8\"><span class=\"c7\"><strong>Neuf partis politiques marocains ont sign\u00e9 samedi un manifeste pour exprimer leur d\u00e9nonciation et d\u00e9sapprobation de l\u2019accueil par l\u2019Espagne du chef de la bande s\u00e9paratiste Brahim Ghali en utilisant une fausse identit\u00e9 qui incarne le comportement des milices et des gangs criminels.<\/strong><\/span><span id=\"more-375976\"\/><\/span><\/p>\n<p>Les signataires de cette d\u00e9claration conjointe soulignent que \u00abcet accueil est un acte inacceptable et condamn\u00e9, et une provocation pure et simple du Royaume du Maroc, et il est en contraste frappant avec la bonne qualit\u00e9 des relations bilat\u00e9rales entre les deux peuples et les deux pays et en contradiction avec les r\u00e8gles du bon voisinage, d\u2019autant plus que cette personne fait l\u2019objet de graves accusations li\u00e9es \u00e0 des violations des droits de l\u2019Homme et elle est accus\u00e9e de nombreux crimes contre l\u2019humanit\u00e9 commis \u00e0 l\u2019encontre des s\u00e9questr\u00e9s des camps de Tindouf\u00bb.<\/p>\n<p>Lesdits partis r\u00e9it\u00e8rent leurs appuis des actions de Sa Majest\u00e9 le Roi Mohammed VI pour d\u00e9fendre l\u2019int\u00e9grit\u00e9 territoriale du Royaume qui jouissent d\u2019un consensus national et qui ont permis au Royaume de r\u00e9aliser de nombreux acquis au sujet de la question du Sahara Marocain.<\/p>\n<p>Ceux-ci expriment leur \u00abd\u00e9nonciation de l\u2019indulgence et la collusion des autorit\u00e9s espagnoles pour accueillir une personne hostile au Royaume du Maroc en violation totale de la loi, et en ignorant les int\u00e9r\u00eats vitaux d\u2019un pays voisin et partenaire \u00bb.<\/p>\n<p>Les signataires de cette d\u00e9claration appellent le gouvernement du pays ib\u00e9rique \u00e0 d\u00e9finir clairement sa position quant \u00e0 cette violation flagrante et \u00e0 prendre des mesures imm\u00e9diates pour y rem\u00e9dier. Les 9 partis rejettent par la m\u00eame occasion les justifications et excuses pr\u00e9sent\u00e9es par certains responsables du gouvernement espagnol.<\/p>\n<p>Le m\u00eame document ajoute que \u00ables partis politiques marocains sont totalement convaincus que les actes criminels commis par Brahim Ghali doivent faire l\u2019objet de poursuites judiciaires devant les juridictions espagnoles vu les nombreuses plaintes d\u00e9pos\u00e9es contre lui devant les tribunaux par ses nombreuses victimes.<\/p>\n<p>Les signataires de ce manifeste appellent les diff\u00e9rentes forces vives en Espagne \u00e0 agir rapidement et \u00e0 donner la priorit\u00e9 \u00e0 la voix de la sagesse et aux int\u00e9r\u00eats supr\u00eames communs des deux pays, afin de r\u00e9parer imm\u00e9diatement cette grave violation du droit du Maroc, et de r\u00e9parer \u00e9galement les dommages qu\u2019elle a caus\u00e9s aux relations de longue date entre les deux peuples et les deux pays.<\/p>\n<\/div>\n<p>Auteur: Mohamed Laabid<br \/>\n<a href=\"https:\/\/aujourdhui.ma\/politique\/maroc-espagne-un-manifeste-signe-par-9-partis-politiques\">Cliquez ici pour lire l&rsquo;article depuis sa source.<\/a><\/p>\n","protected":false},"excerpt":{"rendered":"<p>Neuf partis politiques marocains ont sign\u00e9 samedi un manifeste pour exprimer leur d\u00e9nonciation et d\u00e9sapprobation de l\u2019accueil par l\u2019Espagne du chef de la bande s\u00e9paratiste Brahim Ghali en utilisant une fausse identit\u00e9 qui incarne le comportement des milices et des gangs criminels. Les signataires de cette d\u00e9claration conjointe soulignent que \u00abcet accueil est un acte [&hellip;]<\/p>\n","protected":false},"author":1759,"featured_media":0,"comment_status":"closed","ping_status":"closed","sticky":false,"template":"","format":"standard","meta":{"fifu_image_url":"http:\/\/aujourdhui.ma\/wp-content\/uploads\/2019\/07\/Maroc-Espagne.jpg","fifu_image_alt":"Maroc-Espagne : un manifeste sign\u00e9 par 9 partis politiques","footnotes":""},"categories":[73,54],"tags":[],"class_list":["post-116424","post","type-post","status-publish","format-standard","hentry","category-actualite","category-maroc"],"_links":{"self":[{"href":"https:\/\/linitiative.ca\/International\/wp-json\/wp\/v2\/posts\/116424","targetHints":{"allow":["GET"]}}],"collection":[{"href":"https:\/\/linitiative.ca\/International\/wp-json\/wp\/v2\/posts"}],"about":[{"href":"https:\/\/linitiative.ca\/International\/wp-json\/wp\/v2\/types\/post"}],"author":[{"embeddable":true,"href":"https:\/\/linitiative.ca\/International\/wp-json\/wp\/v2\/users\/1759"}],"replies":[{"embeddable":true,"href":"https:\/\/linitiative.ca\/International\/wp-json\/wp\/v2\/comments?post=116424"}],"version-history":[{"count":0,"href":"https:\/\/linitiative.ca\/International\/wp-json\/wp\/v2\/posts\/116424\/revisions"}],"wp:attachment":[{"href":"https:\/\/linitiative.ca\/International\/wp-json\/wp\/v2\/media?parent=116424"}],"wp:term":[{"taxonomy":"category","embeddable":true,"href":"https:\/\/linitiative.ca\/International\/wp-json\/wp\/v2\/categories?post=116424"},{"taxonomy":"post_tag","embeddable":true,"href":"https:\/\/linitiative.ca\/International\/wp-json\/wp\/v2\/tags?post=116424"}],"curies":[{"name":"wp","href":"https:\/\/api.w.org\/{rel}","templated":true}]}}