{"id":116426,"date":"2021-05-09T10:30:00","date_gmt":"2021-05-09T14:30:00","guid":{"rendered":"https:\/\/linitiative.ca\/International\/six-manifestants-arretes-vendredi-a-alger-places-sous-controle-judiciaire\/"},"modified":"2021-05-09T10:30:00","modified_gmt":"2021-05-09T14:30:00","slug":"six-manifestants-arretes-vendredi-a-alger-places-sous-controle-judiciaire","status":"publish","type":"post","link":"https:\/\/linitiative.ca\/International\/six-manifestants-arretes-vendredi-a-alger-places-sous-controle-judiciaire\/","title":{"rendered":"Six manifestants arr\u00eat\u00e9s vendredi \u00e0 Alger plac\u00e9s sous contr\u00f4le judiciaire"},"content":{"rendered":"<div id=\"originalText\" readability=\"54\">\n<p class=\"c6\">Six manifestants, arr\u00eat\u00e9s lors de la marche du vendredi \u00e0 Alger, et mis en garde \u00e0 vue au commissariat de Hussein Dey, ont \u00e9t\u00e9 plac\u00e9s, ce dimanche, sous contr\u00f4le judiciaire, apr\u00e8s leur pr\u00e9sentation devant le tribunal de Sidi M\u2019hamed, selon le comit\u00e9 national pour la lib\u00e9ration des d\u00e9tenus (CNLD). \u00a0<\/p>\n<p class=\"c6\">Poursuivis, entre autres, pour \u00abattroupement non arm\u00e9\u00a0\u00bb et \u00ab\u00a0d\u00e9sob\u00e9issance aux ordres\u00a0\u00bb, le proc\u00e8s des six accus\u00e9s est programm\u00e9 pour le 23 mai 2021.<\/p>\n<p class=\"c6\">Un autre groupe de manifestants, arr\u00eat\u00e9 \u00e9galement vendredi \u00e0 Alger et plac\u00e9 en garde \u00e0 vue au commissariat central, sera pr\u00e9sent\u00e9 demain devant le procureur de la r\u00e9publique pr\u00e8s le tribunal de Sidi M&rsquo;hamed.<\/p>\n<p class=\"c7\"><strong>R\u00e9daction Web<\/strong><\/p>\n<\/div>\n<div id=\"text_core\" readability=\"54\">\n<p class=\"c6\">Six manifestants, arr\u00eat\u00e9s lors de la marche du vendredi \u00e0 Alger, et mis en garde \u00e0 vue au commissariat de Hussein Dey, ont \u00e9t\u00e9 plac\u00e9s, ce dimanche, sous contr\u00f4le judiciaire, apr\u00e8s leur pr\u00e9sentation devant le tribunal de Sidi M\u2019hamed, selon le comit\u00e9 national pour la lib\u00e9ration des d\u00e9tenus (CNLD). \u00a0<\/p>\n<p class=\"c6\">Poursuivis, entre autres, pour \u00abattroupement non arm\u00e9\u00a0\u00bb et \u00ab\u00a0d\u00e9sob\u00e9issance aux ordres\u00a0\u00bb, le proc\u00e8s des six accus\u00e9s est programm\u00e9 pour le 23 mai 2021.<\/p>\n<p class=\"c6\">Un autre groupe de manifestants, arr\u00eat\u00e9 \u00e9galement vendredi \u00e0 Alger et plac\u00e9 en garde \u00e0 vue au commissariat central, sera pr\u00e9sent\u00e9 demain devant le procureur de la r\u00e9publique pr\u00e8s le tribunal de Sidi M&rsquo;hamed.<\/p>\n<p class=\"c7\"><strong>R\u00e9daction Web<\/strong><\/p>\n<\/div>\n<p>Auteur:<br \/>\n<a href=\"https:\/\/www.liberte-algerie.com\/actualite\/six-manifestants-arretes-vendredi-a-alger-places-sous-controle-judiciaire-358499\">Cliquez ici pour lire l&rsquo;article depuis sa source.<\/a><\/p>\n","protected":false},"excerpt":{"rendered":"<p>Six manifestants, arr\u00eat\u00e9s lors de la marche du vendredi \u00e0 Alger, et mis en garde \u00e0 vue au commissariat de Hussein Dey, ont \u00e9t\u00e9 plac\u00e9s, ce dimanche, sous contr\u00f4le judiciaire, apr\u00e8s leur pr\u00e9sentation devant le tribunal de Sidi M\u2019hamed, selon le comit\u00e9 national pour la lib\u00e9ration des d\u00e9tenus (CNLD). \u00a0 Poursuivis, entre autres, pour \u00abattroupement [&hellip;]<\/p>\n","protected":false},"author":1742,"featured_media":0,"comment_status":"closed","ping_status":"closed","sticky":false,"template":"","format":"standard","meta":{"fifu_image_url":"","fifu_image_alt":"","footnotes":""},"categories":[73,53],"tags":[],"class_list":["post-116426","post","type-post","status-publish","format-standard","hentry","category-actualite","category-algerie"],"_links":{"self":[{"href":"https:\/\/linitiative.ca\/International\/wp-json\/wp\/v2\/posts\/116426","targetHints":{"allow":["GET"]}}],"collection":[{"href":"https:\/\/linitiative.ca\/International\/wp-json\/wp\/v2\/posts"}],"about":[{"href":"https:\/\/linitiative.ca\/International\/wp-json\/wp\/v2\/types\/post"}],"author":[{"embeddable":true,"href":"https:\/\/linitiative.ca\/International\/wp-json\/wp\/v2\/users\/1742"}],"replies":[{"embeddable":true,"href":"https:\/\/linitiative.ca\/International\/wp-json\/wp\/v2\/comments?post=116426"}],"version-history":[{"count":0,"href":"https:\/\/linitiative.ca\/International\/wp-json\/wp\/v2\/posts\/116426\/revisions"}],"wp:attachment":[{"href":"https:\/\/linitiative.ca\/International\/wp-json\/wp\/v2\/media?parent=116426"}],"wp:term":[{"taxonomy":"category","embeddable":true,"href":"https:\/\/linitiative.ca\/International\/wp-json\/wp\/v2\/categories?post=116426"},{"taxonomy":"post_tag","embeddable":true,"href":"https:\/\/linitiative.ca\/International\/wp-json\/wp\/v2\/tags?post=116426"}],"curies":[{"name":"wp","href":"https:\/\/api.w.org\/{rel}","templated":true}]}}