{"id":116429,"date":"2021-05-09T11:30:00","date_gmt":"2021-05-09T15:30:00","guid":{"rendered":"https:\/\/linitiative.ca\/International\/la-cour-dalger-maintient-karim-tabou-sous-controle-judiciaire\/"},"modified":"2021-05-09T11:30:00","modified_gmt":"2021-05-09T15:30:00","slug":"la-cour-dalger-maintient-karim-tabou-sous-controle-judiciaire","status":"publish","type":"post","link":"https:\/\/linitiative.ca\/International\/la-cour-dalger-maintient-karim-tabou-sous-controle-judiciaire\/","title":{"rendered":"La Cour d\u2019Alger maintient Karim Tabou sous contr\u00f4le judiciaire"},"content":{"rendered":"<div id=\"originalText\" readability=\"63\">\n<p class=\"c6\">La demande de lev\u00e9e du contr\u00f4le judiciaire pr\u00e9sent\u00e9e par le collectif de d\u00e9fense de Karim Tabou et Slimane Hamitouche, a \u00e9t\u00e9 rejet\u00e9e, ce dimanche, par la chambre d&rsquo;accusation pr\u00e8s la Cour d&rsquo;Alger.<\/p>\n<p class=\"c6\">Les avocats de Karim Tabbou, qui ont annonc\u00e9 cette d\u00e9cision sur la page facebook du porte parole de l\u2019Union d\u00e9mocratique et sociale (UDS, parti non agr\u00e9\u00e9), ont pr\u00e9cis\u00e9 avoir boycott\u00e9 l\u2019audience en question, en raison \u00ab\u00a0de la composante de la chambre d\u2019accusation\u00a0et son pr\u00e9sident\u00bb qui devaient statuer sur le dossier. Il s\u2019agit, en effet, du magistrat qui \u00ab\u00a0pr\u00e9sidait la cinqui\u00e8me chambre p\u00e9nale lors de l\u2019audience du 24 mars 2020, et dans laquelle les conditions d\u2019un jugement ordinaire n\u2019\u00e9taient pas r\u00e9unies\u00a0\u00bb, a soulign\u00e9 la d\u00e9fense. \u00a0<\/p>\n<p class=\"c6\">Pour rappel , le juge d&rsquo;instruction pr\u00e8s le tribunal de Bir Mourad Rais avait plac\u00e9, le 28 avril dernier, Karim Tabbou sous contr\u00f4le judiciaire, pour avoir interpell\u00e9 le pr\u00e9sident du CNDH, Bouzid Lazhari, \u00a0\u00e0 la sortie du cimeti\u00e8re de Ben Aknoun, lors des fun\u00e9railles de Me Ali Yahia Abdenour, le sommant de \u00ab\u00a0d\u00e9gager des lieux\u00a0\u00bb sous des slogans du mouvement populaire.<\/p>\n<p class=\"c7\"><strong>R\u00e9daction Web<\/strong><\/p>\n<\/div>\n<div id=\"text_core\" readability=\"63\">\n<p class=\"c6\">La demande de lev\u00e9e du contr\u00f4le judiciaire pr\u00e9sent\u00e9e par le collectif de d\u00e9fense de Karim Tabou et Slimane Hamitouche, a \u00e9t\u00e9 rejet\u00e9e, ce dimanche, par la chambre d&rsquo;accusation pr\u00e8s la Cour d&rsquo;Alger.<\/p>\n<p class=\"c6\">Les avocats de Karim Tabbou, qui ont annonc\u00e9 cette d\u00e9cision sur la page facebook du porte parole de l\u2019Union d\u00e9mocratique et sociale (UDS, parti non agr\u00e9\u00e9), ont pr\u00e9cis\u00e9 avoir boycott\u00e9 l\u2019audience en question, en raison \u00ab\u00a0de la composante de la chambre d\u2019accusation\u00a0et son pr\u00e9sident\u00bb qui devaient statuer sur le dossier. Il s\u2019agit, en effet, du magistrat qui \u00ab\u00a0pr\u00e9sidait la cinqui\u00e8me chambre p\u00e9nale lors de l\u2019audience du 24 mars 2020, et dans laquelle les conditions d\u2019un jugement ordinaire n\u2019\u00e9taient pas r\u00e9unies\u00a0\u00bb, a soulign\u00e9 la d\u00e9fense. \u00a0<\/p>\n<p class=\"c6\">Pour rappel , le juge d&rsquo;instruction pr\u00e8s le tribunal de Bir Mourad Rais avait plac\u00e9, le 28 avril dernier, Karim Tabbou sous contr\u00f4le judiciaire, pour avoir interpell\u00e9 le pr\u00e9sident du CNDH, Bouzid Lazhari, \u00a0\u00e0 la sortie du cimeti\u00e8re de Ben Aknoun, lors des fun\u00e9railles de Me Ali Yahia Abdenour, le sommant de \u00ab\u00a0d\u00e9gager des lieux\u00a0\u00bb sous des slogans du mouvement populaire.<\/p>\n<p class=\"c7\"><strong>R\u00e9daction Web<\/strong><\/p>\n<\/div>\n<p>Auteur:<br \/>\n<a href=\"https:\/\/www.liberte-algerie.com\/actualite\/la-cour-dalger-maintient-karim-tabou-sous-controle-judiciaire-358503\">Cliquez ici pour lire l&rsquo;article depuis sa source.<\/a><\/p>\n","protected":false},"excerpt":{"rendered":"<p>La demande de lev\u00e9e du contr\u00f4le judiciaire pr\u00e9sent\u00e9e par le collectif de d\u00e9fense de Karim Tabou et Slimane Hamitouche, a \u00e9t\u00e9 rejet\u00e9e, ce dimanche, par la chambre d&rsquo;accusation pr\u00e8s la Cour d&rsquo;Alger. Les avocats de Karim Tabbou, qui ont annonc\u00e9 cette d\u00e9cision sur la page facebook du porte parole de l\u2019Union d\u00e9mocratique et sociale (UDS, [&hellip;]<\/p>\n","protected":false},"author":1742,"featured_media":0,"comment_status":"closed","ping_status":"closed","sticky":false,"template":"","format":"standard","meta":{"fifu_image_url":"","fifu_image_alt":"","footnotes":""},"categories":[73,53],"tags":[],"class_list":["post-116429","post","type-post","status-publish","format-standard","hentry","category-actualite","category-algerie"],"_links":{"self":[{"href":"https:\/\/linitiative.ca\/International\/wp-json\/wp\/v2\/posts\/116429","targetHints":{"allow":["GET"]}}],"collection":[{"href":"https:\/\/linitiative.ca\/International\/wp-json\/wp\/v2\/posts"}],"about":[{"href":"https:\/\/linitiative.ca\/International\/wp-json\/wp\/v2\/types\/post"}],"author":[{"embeddable":true,"href":"https:\/\/linitiative.ca\/International\/wp-json\/wp\/v2\/users\/1742"}],"replies":[{"embeddable":true,"href":"https:\/\/linitiative.ca\/International\/wp-json\/wp\/v2\/comments?post=116429"}],"version-history":[{"count":0,"href":"https:\/\/linitiative.ca\/International\/wp-json\/wp\/v2\/posts\/116429\/revisions"}],"wp:attachment":[{"href":"https:\/\/linitiative.ca\/International\/wp-json\/wp\/v2\/media?parent=116429"}],"wp:term":[{"taxonomy":"category","embeddable":true,"href":"https:\/\/linitiative.ca\/International\/wp-json\/wp\/v2\/categories?post=116429"},{"taxonomy":"post_tag","embeddable":true,"href":"https:\/\/linitiative.ca\/International\/wp-json\/wp\/v2\/tags?post=116429"}],"curies":[{"name":"wp","href":"https:\/\/api.w.org\/{rel}","templated":true}]}}