{"id":116433,"date":"2021-05-09T08:40:46","date_gmt":"2021-05-09T12:40:46","guid":{"rendered":"https:\/\/linitiative.ca\/International\/saisie-de-plus-de-22-tonnes-de-produits-impropres-a-la-consommation\/"},"modified":"2021-05-09T08:40:46","modified_gmt":"2021-05-09T12:40:46","slug":"saisie-de-plus-de-22-tonnes-de-produits-impropres-a-la-consommation","status":"publish","type":"post","link":"https:\/\/linitiative.ca\/International\/saisie-de-plus-de-22-tonnes-de-produits-impropres-a-la-consommation\/","title":{"rendered":"Saisie de plus de 2,2 tonnes de produits impropres \u00e0 la consommation"},"content":{"rendered":"<div readability=\"37\">\n<p>Marrakech \u2013 Les commissions de contr\u00f4le relevant de la Division des Affaires Economiques et de la Coordination (DAEC) de la wilaya de Marrakech-Safi ont proc\u00e9d\u00e9, durant les trois premi\u00e8res semaines du mois sacr\u00e9 du Ramadan, \u00e0 la saisie et \u00e0 la destruction de plus de deux tonnes de produits impropres \u00e0 la consommation ou non conformes aux normes de qualit\u00e9 requises.<\/p>\n<\/div>\n<div readability=\"115\">\n<p>Lors de leurs tourn\u00e9es dans les diff\u00e9rents points de vente (en gros et au d\u00e9tail) aussi bien en milieu rural que dans les zones urbaines au niveau de la pr\u00e9fecture de Marrakech, depuis le d\u00e9but du mois sacr\u00e9 de Ramadan, lesdites commissions ont proc\u00e9d\u00e9 \u00e0 la saisie de 2.229,3 kilogrammes de produits alimentaires solides, et 653 litres de produits alimentaires impropres \u00e0 la consommation pour non respect des conditions de conservation, leurs utilisations ill\u00e9gales, ou encore pour d\u00e9passement de la date de pr\u00e9emption, a indiqu\u00e9 \u00e0 la MAP, le chef de la DAEC de la wilaya de Marrakech-Safi, M. Ma\u00e2ti Alga.<\/p>\n<p>Selon des donn\u00e9es de la DAEC, les quantit\u00e9s saisies se r\u00e9partissent comme suit : 1.120 Kg de viandes et de poissons, 259,20 kg de dattes et de fruits secs, 226 kg de l\u00e9gumes et fruits, 199,60 kg de g\u00e2teaux, 1.417 oeufs, 61 kg de conserves, 5 kg de c\u00e9r\u00e9ales et d\u00e9riv\u00e9s, 414 litres de lait et produits d\u00e9riv\u00e9s, 121 litres d\u2019huile, 61 litres de miel et de confiture, 57 litres de boissons et jus, et 275,3 kg de sacs en plastique.<\/p>\n<p>Dans la m\u00eame lign\u00e9e, M. Alga a relev\u00e9 que lesdites commissions vont intensifier les op\u00e9rations de contr\u00f4le des prix et de la qualit\u00e9 des produits alimentaires au niveau des march\u00e9s locaux en vue de lutter contre les diff\u00e9rentes formes de fraude, de monopolisation ou encore de sp\u00e9culation au niveau des prix, \u00e0 m\u00eame d\u2019impacter n\u00e9gativement le pouvoir d\u2019achat des citoyens.<\/p>\n<p>Tout en affirmant que l\u2019approvisionnement des march\u00e9s au cours du mois b\u00e9ni de Ramadan est \u00ab\u00a0normal et r\u00e9gulier\u00a0\u00bb, M. Alga a soulign\u00e9 qu&rsquo;\u00a0\u00bbaucune p\u00e9nurie des produits alimentaires de base n\u2019a \u00e9t\u00e9 enregistr\u00e9e durant cette p\u00e9riode, et que tous les indicateurs montrent que la situation restera normale jusqu\u2019\u00e0 la fin du Ramadan\u00a0\u00bb.<\/p>\n<p>il a fait savoir aussi que les commissions de contr\u00f4le ont aussi signal\u00e9 une stabilit\u00e9 des prix de mani\u00e8re g\u00e9n\u00e9rale, relevant que \u00ab\u00a0comparativement \u00e0 la m\u00eame p\u00e9riode de l\u2019ann\u00e9e \u00e9coul\u00e9e, une baisse importante a \u00e9t\u00e9 enregistr\u00e9e au niveau des prix de certains produits et ce, \u00e0 l\u2019exception de certaines l\u00e9gumes dont le prix a grimp\u00e9, \u00e0 l\u2019instar des tomates, pomme de terre, carottes et poivron, ou encore le poulet et ce, en raison de la forte demande en ces denr\u00e9es durant ce mois sacr\u00e9\u00a0\u00bb, a-t-il poursuivi.<\/p>\n<p>En vue de maintenir cette situation, le wali de la r\u00e9gion Marrakech-Safi, gouverneur de la pr\u00e9fecture de Marrakech, M. Karim Kassi-Lahlou, avait appel\u00e9 les diff\u00e9rents services de contr\u00f4le \u00e0 intensifier leur pr\u00e9sence sur le terrain et \u00e0 agir, avec toute la fermet\u00e9 et la rigueur requises, pour pr\u00e9server le pouvoir d\u2019achat des m\u00e9nages et prot\u00e9ger leur s\u00e9curit\u00e9 sanitaire.<\/p>\n<p>Dans ce sens, il a pr\u00e9conis\u00e9 la f\u00e9d\u00e9ration des efforts de l\u2019ensemble des acteurs concern\u00e9s et des services de contr\u00f4le, la coordination de leurs interventions, ainsi que la modernisation de leurs outils d\u2019intervention pour atteindre l\u2019efficacit\u00e9 et la c\u00e9l\u00e9rit\u00e9 qui s\u2019imposent, tout en faisant montre de r\u00e9activit\u00e9 positive face aux attentes et pr\u00e9occupations r\u00e9elles des consommateurs, en tenant compte de leurs plaintes en rapport avec les prix, la s\u00e9curit\u00e9 et la salubrit\u00e9 des produits.<\/p>\n<\/div>\n<p>Auteur: Meriem IGASS<br \/>\n<a href=\"http:\/\/www.mapmarrakech.ma\/fr\/saisie-de-plus-de-22-tonnes-de-produits-impropres-a-la-consommation\/\">Cliquez ici pour lire l&rsquo;article depuis sa source.<\/a><\/p>\n","protected":false},"excerpt":{"rendered":"<p>Marrakech \u2013 Les commissions de contr\u00f4le relevant de la Division des Affaires Economiques et de la Coordination (DAEC) de la wilaya de Marrakech-Safi ont proc\u00e9d\u00e9, durant les trois premi\u00e8res semaines du mois sacr\u00e9 du Ramadan, \u00e0 la saisie et \u00e0 la destruction de plus de deux tonnes de produits impropres \u00e0 la consommation ou non [&hellip;]<\/p>\n","protected":false},"author":1788,"featured_media":0,"comment_status":"closed","ping_status":"closed","sticky":false,"template":"","format":"standard","meta":{"fifu_image_url":"","fifu_image_alt":"","footnotes":""},"categories":[54,76],"tags":[],"class_list":["post-116433","post","type-post","status-publish","format-standard","hentry","category-maroc","category-regions"],"_links":{"self":[{"href":"https:\/\/linitiative.ca\/International\/wp-json\/wp\/v2\/posts\/116433","targetHints":{"allow":["GET"]}}],"collection":[{"href":"https:\/\/linitiative.ca\/International\/wp-json\/wp\/v2\/posts"}],"about":[{"href":"https:\/\/linitiative.ca\/International\/wp-json\/wp\/v2\/types\/post"}],"author":[{"embeddable":true,"href":"https:\/\/linitiative.ca\/International\/wp-json\/wp\/v2\/users\/1788"}],"replies":[{"embeddable":true,"href":"https:\/\/linitiative.ca\/International\/wp-json\/wp\/v2\/comments?post=116433"}],"version-history":[{"count":0,"href":"https:\/\/linitiative.ca\/International\/wp-json\/wp\/v2\/posts\/116433\/revisions"}],"wp:attachment":[{"href":"https:\/\/linitiative.ca\/International\/wp-json\/wp\/v2\/media?parent=116433"}],"wp:term":[{"taxonomy":"category","embeddable":true,"href":"https:\/\/linitiative.ca\/International\/wp-json\/wp\/v2\/categories?post=116433"},{"taxonomy":"post_tag","embeddable":true,"href":"https:\/\/linitiative.ca\/International\/wp-json\/wp\/v2\/tags?post=116433"}],"curies":[{"name":"wp","href":"https:\/\/api.w.org\/{rel}","templated":true}]}}