{"id":116434,"date":"2021-05-09T10:22:21","date_gmt":"2021-05-09T14:22:21","guid":{"rendered":"https:\/\/linitiative.ca\/International\/formation-sur-la-prise-en-charge-des-femmes-survivantes-aux-violences\/"},"modified":"2021-05-09T10:22:21","modified_gmt":"2021-05-09T14:22:21","slug":"formation-sur-la-prise-en-charge-des-femmes-survivantes-aux-violences","status":"publish","type":"post","link":"https:\/\/linitiative.ca\/International\/formation-sur-la-prise-en-charge-des-femmes-survivantes-aux-violences\/","title":{"rendered":"Formation sur la prise en charge des femmes survivantes aux violences"},"content":{"rendered":"<div readability=\"36\">\n<p>Essaouira \u2013 Une session de formation sur la prise en charge des femmes et des filles survivantes aux violences a \u00e9t\u00e9 organis\u00e9e, samedi \u00e0 Essaouira, au profit des personnes charg\u00e9es de l\u2019\u00e9coute dans les centres d\u00e9di\u00e9s \u00e0 cet effet au sein des associations actives dans ce domaine.<\/p>\n<\/div>\n<div readability=\"107\">\n<p>Initi\u00e9e par l\u2019Association \u00ab\u00a0Adala\u00a0\u00bb en \u00e9troite collaboration avec l\u2019association f\u00e9minine \u00ab\u00a0El Khir\u00a0\u00bb \u00e0 Essaouira, cette formation s\u2019inscrit dans le cadre du projet \u00ab\u00a0Pour un meilleur acc\u00e8s \u00e0 la justice pour les femmes et les filles survivantes aux violences\u00a0\u00bb.<\/p>\n<p>Ce projet, lanc\u00e9 par l\u2019Association \u00ab\u00a0Adala\u00a0\u00bb en partenariat avec ONU-Femmes et l\u2019appui de l\u2019ambassade du Canada, pr\u00e9voit la cr\u00e9ation de \u00ab\u00a0cliniques juridiques\u00a0\u00bb sous forme de centres d\u2019\u00e9coute des femmes violent\u00e9es, tout en garantissant un cadre p\u00e9dagogique et acad\u00e9mique qui int\u00e8gre les \u00e9tudiants de la facult\u00e9 de droit, afin de cr\u00e9er de nouvelles g\u00e9n\u00e9rations fortement inspir\u00e9es de la culture des droits de l\u2019Homme, en g\u00e9n\u00e9ral, a expliqu\u00e9 la pr\u00e9sidente de l\u2019Association \u00ab\u00a0Adala\u00a0\u00bb, Mme Jamila Sayouri.<\/p>\n<p>Dans une d\u00e9claration \u00e0 la MAP, elle a fait savoir que trois cliniques juridiques ont \u00e9t\u00e9 cr\u00e9\u00e9es dans le cadre de ce projet au niveau des facult\u00e9s de droit \u00e0 Mohammedia, Rabat (Souissi) et Marrakech.<\/p>\n<p>Et d\u2019encha\u00eener que cette initiative ambitionne aussi la mise en place d\u2019un r\u00e9seau des associations actives dans ce domaine et qui pr\u00e9sentent des services d\u2019orientation juridique et d\u2019assistance judiciaire et ce, afin de mieux valoriser les actions et les efforts d\u00e9ploy\u00e9s par ces structures associatives, dont la majorit\u00e9 op\u00e8re en dehors des grandes villes et loin des projecteurs, et reste marginalis\u00e9e en d\u00e9pit de l\u2019\u00e9norme travail r\u00e9alis\u00e9.<\/p>\n<p>Cette initiative tend \u00e9galement \u00e0 favoriser l\u2019action collective et la coop\u00e9ration entre ces associations, en mettant les moyens de l\u2019une \u00e0 la disposition de l\u2019autre, outre l\u2019\u00e9laboration d\u2019un plan d\u2019action et de programmes conjoints, a ajout\u00e9 Mme Sayouri, soulignant que la valeur ajout\u00e9e r\u00e9side en l\u2019interaction rapide avec les victimes pour leur faciliter l\u2019acc\u00e8s \u00e0 la justice et assurer pleinement le r\u00f4le de m\u00e9diateur pour les aider \u00e0 acc\u00e9der au syst\u00e8me judiciaire.<\/p>\n<p>De son c\u00f4t\u00e9, la coordinatrice des projets \u00e0 l\u2019Association f\u00e9minine \u00ab\u00a0El Khir\u00a0\u00bb, Mme Souad Dibi a expliqu\u00e9 que ce projet de cliniques juridiques vise la mise sur pied d\u2019un r\u00e9seau des associations actives dans le domaine de l\u2019accompagnement des femmes.<\/p>\n<p>Cette session de formation intervient dans le sillage du renforcement des comp\u00e9tences et des capacit\u00e9s des acteurs op\u00e9rant dans le domaine de la prise en charge des femmes victimes de violences, ainsi que de l\u2019\u00e9change des expertises et des exp\u00e9riences, surtout que les pratiques diff\u00e8rent d\u2019une ville \u00e0 une autre, a-t-elle poursuivi.<\/p>\n<p>L\u2019objectif ultime, a-t-elle indiqu\u00e9, est d\u2019acc\u00e9l\u00e9rer le traitement des dossiers et de proposer des solutions innovantes, \u00e0 m\u00eame de faciliter l\u2019acc\u00e8s \u00e0 la justice pour les femmes qui recourent aux centres d\u2019\u00e9coute.<\/p>\n<p>Cette formation se veut, en outre, une occasion propice pour favoriser la mise en place d\u2019un r\u00e9seau, dont l\u2019action repose sur l\u2019\u00e9change des services entre les associations s\u2019activant dans ce domaine, a-t-elle conclu.<\/p>\n<p>Le programme de cette formation a \u00e9t\u00e9 scind\u00e9 en deux principales s\u00e9ances: la premi\u00e8re a \u00e9t\u00e9 ax\u00e9e sur le concept de la violence fond\u00e9 sur le genre social et la pr\u00e9sentation de cas de violence bas\u00e9e sur le genre, recueillis dans des centres d\u2019\u00e9coute, alors que la seconde s\u2019est focalis\u00e9e sur le processus de prise en charge des femmes et filles violent\u00e9es, allant de l\u2019accueil \u00e0 la prise en charge en passant par l\u2019\u00e9coute et l\u2019orientation.<\/p>\n<\/div>\n<p>Auteur: Meriem IGASS<br \/>\n<a href=\"http:\/\/www.mapmarrakech.ma\/fr\/formation-sur-la-prise-en-charge-des-femmes-survivantes-aux-violences\/\">Cliquez ici pour lire l&rsquo;article depuis sa source.<\/a><\/p>\n","protected":false},"excerpt":{"rendered":"<p>Essaouira \u2013 Une session de formation sur la prise en charge des femmes et des filles survivantes aux violences a \u00e9t\u00e9 organis\u00e9e, samedi \u00e0 Essaouira, au profit des personnes charg\u00e9es de l\u2019\u00e9coute dans les centres d\u00e9di\u00e9s \u00e0 cet effet au sein des associations actives dans ce domaine. Initi\u00e9e par l\u2019Association \u00ab\u00a0Adala\u00a0\u00bb en \u00e9troite collaboration avec [&hellip;]<\/p>\n","protected":false},"author":1788,"featured_media":0,"comment_status":"closed","ping_status":"closed","sticky":false,"template":"","format":"standard","meta":{"fifu_image_url":"","fifu_image_alt":"","footnotes":""},"categories":[54,76],"tags":[],"class_list":["post-116434","post","type-post","status-publish","format-standard","hentry","category-maroc","category-regions"],"_links":{"self":[{"href":"https:\/\/linitiative.ca\/International\/wp-json\/wp\/v2\/posts\/116434","targetHints":{"allow":["GET"]}}],"collection":[{"href":"https:\/\/linitiative.ca\/International\/wp-json\/wp\/v2\/posts"}],"about":[{"href":"https:\/\/linitiative.ca\/International\/wp-json\/wp\/v2\/types\/post"}],"author":[{"embeddable":true,"href":"https:\/\/linitiative.ca\/International\/wp-json\/wp\/v2\/users\/1788"}],"replies":[{"embeddable":true,"href":"https:\/\/linitiative.ca\/International\/wp-json\/wp\/v2\/comments?post=116434"}],"version-history":[{"count":0,"href":"https:\/\/linitiative.ca\/International\/wp-json\/wp\/v2\/posts\/116434\/revisions"}],"wp:attachment":[{"href":"https:\/\/linitiative.ca\/International\/wp-json\/wp\/v2\/media?parent=116434"}],"wp:term":[{"taxonomy":"category","embeddable":true,"href":"https:\/\/linitiative.ca\/International\/wp-json\/wp\/v2\/categories?post=116434"},{"taxonomy":"post_tag","embeddable":true,"href":"https:\/\/linitiative.ca\/International\/wp-json\/wp\/v2\/tags?post=116434"}],"curies":[{"name":"wp","href":"https:\/\/api.w.org\/{rel}","templated":true}]}}