{"id":116435,"date":"2021-05-09T10:36:53","date_gmt":"2021-05-09T14:36:53","guid":{"rendered":"https:\/\/linitiative.ca\/International\/60-infractions-enregistrees-en-matiere-des-prix-des-produits-alimentaires\/"},"modified":"2021-05-09T10:36:53","modified_gmt":"2021-05-09T14:36:53","slug":"60-infractions-enregistrees-en-matiere-des-prix-des-produits-alimentaires","status":"publish","type":"post","link":"https:\/\/linitiative.ca\/International\/60-infractions-enregistrees-en-matiere-des-prix-des-produits-alimentaires\/","title":{"rendered":"60 infractions enregistr\u00e9es en mati\u00e8re des prix des produits alimentaires"},"content":{"rendered":"<p><iframe loading=\"lazy\" width=\"1170\" height=\"658\" src=\"https:\/\/www.youtube.com\/embed\/bFeWF7x3n7c?feature=oembed\" frameborder=\"0\" allow=\"accelerometer; autoplay; clipboard-write; encrypted-media; gyroscope; picture-in-picture\" allowfullscreen=\"allowfullscreen\">[embedded content]<\/iframe><\/p>\n<div class=\"single-post-excerpt post-excerpt-bc\" readability=\"38\">\n<p>Les commissions de contr\u00f4le relevant de la Division des Affaires \u00e9conomiques et de la Coordination (DAEC) de la Wilaya de la r\u00e9gion Marrakech-Safi, ont enregistr\u00e9, au cours des trois premi\u00e8res semaines du mois de Ramadan, 60 infractions en mati\u00e8re des prix et de la qualit\u00e9 des produits alimentaires.<\/p>\n<\/div>\n<p>Auteur: Meriem IGASS<br \/>\n<a href=\"http:\/\/www.mapmarrakech.ma\/fr\/60-infractions-enregistrees-en-matiere-des-prix-des-produits-alimentaires-2\/\">Cliquez ici pour lire l&rsquo;article depuis sa source.<\/a><\/p>\n","protected":false},"excerpt":{"rendered":"<p>[embedded content] Les commissions de contr\u00f4le relevant de la Division des Affaires \u00e9conomiques et de la Coordination (DAEC) de la Wilaya de la r\u00e9gion Marrakech-Safi, ont enregistr\u00e9, au cours des trois premi\u00e8res semaines du mois de Ramadan, 60 infractions en mati\u00e8re des prix et de la qualit\u00e9 des produits alimentaires. Auteur: Meriem IGASS Cliquez ici [&hellip;]<\/p>\n","protected":false},"author":1788,"featured_media":0,"comment_status":"closed","ping_status":"closed","sticky":false,"template":"","format":"standard","meta":{"fifu_image_url":"","fifu_image_alt":"","footnotes":""},"categories":[54,76],"tags":[],"class_list":["post-116435","post","type-post","status-publish","format-standard","hentry","category-maroc","category-regions"],"_links":{"self":[{"href":"https:\/\/linitiative.ca\/International\/wp-json\/wp\/v2\/posts\/116435","targetHints":{"allow":["GET"]}}],"collection":[{"href":"https:\/\/linitiative.ca\/International\/wp-json\/wp\/v2\/posts"}],"about":[{"href":"https:\/\/linitiative.ca\/International\/wp-json\/wp\/v2\/types\/post"}],"author":[{"embeddable":true,"href":"https:\/\/linitiative.ca\/International\/wp-json\/wp\/v2\/users\/1788"}],"replies":[{"embeddable":true,"href":"https:\/\/linitiative.ca\/International\/wp-json\/wp\/v2\/comments?post=116435"}],"version-history":[{"count":0,"href":"https:\/\/linitiative.ca\/International\/wp-json\/wp\/v2\/posts\/116435\/revisions"}],"wp:attachment":[{"href":"https:\/\/linitiative.ca\/International\/wp-json\/wp\/v2\/media?parent=116435"}],"wp:term":[{"taxonomy":"category","embeddable":true,"href":"https:\/\/linitiative.ca\/International\/wp-json\/wp\/v2\/categories?post=116435"},{"taxonomy":"post_tag","embeddable":true,"href":"https:\/\/linitiative.ca\/International\/wp-json\/wp\/v2\/tags?post=116435"}],"curies":[{"name":"wp","href":"https:\/\/api.w.org\/{rel}","templated":true}]}}