{"id":116438,"date":"2021-05-08T22:53:07","date_gmt":"2021-05-09T02:53:07","guid":{"rendered":"https:\/\/linitiative.ca\/International\/le-maroc-suit-avec-profonde-inquietude-les-violents-incidents-a-al-qods-acharif-et-dans-la-mosquee-al-aqsa\/"},"modified":"2021-05-08T22:53:07","modified_gmt":"2021-05-09T02:53:07","slug":"le-maroc-suit-avec-profonde-inquietude-les-violents-incidents-a-al-qods-acharif-et-dans-la-mosquee-al-aqsa","status":"publish","type":"post","link":"https:\/\/linitiative.ca\/International\/le-maroc-suit-avec-profonde-inquietude-les-violents-incidents-a-al-qods-acharif-et-dans-la-mosquee-al-aqsa\/","title":{"rendered":"Le Maroc suit avec profonde inqui\u00e9tude les violents incidents \u00e0 Al Qods Acharif et dans la mosqu\u00e9e Al-Aqsa"},"content":{"rendered":"<div class=\"single-featured\"><img alt=\"\" data-src=\"http:\/\/www.mapoujda.ma\/map\/uploads\/2021\/04\/Minist\u00e8re-des-affaires-\u00e9trang\u00e8res-de-la-coop\u00e9ration-africaine-et-des-MRE-750\u00d7430-MAP.jpg\"\/><\/div>\n<div class=\"entry-content clearfix single-post-content\" readability=\"54\">\n<p class=\"c4\">Le Royaume du Maroc a suivi avec profonde inqui\u00e9tude les violents incidents survenus \u00e0 Al Qods acharif et dans la mosqu\u00e9e Al Aqsa, a indiqu\u00e9 dimanche le minist\u00e8re des Affaires \u00e9trang\u00e8res, de la Coop\u00e9ration africaine et des Marocains r\u00e9sidant \u00e0 l\u2019\u00e9tranger.<\/p>\n<p class=\"c4\">\u201cLe Maroc dont le Souverain SM le Roi Mohammed VI, que Dieu L\u2019assiste, pr\u00e9side le Comit\u00e9 Al Qods, consid\u00e8re ces violations comme un acte inadmissible et susceptible d\u2019attiser les tensions\u201d, a affirm\u00e9 le minist\u00e8re dans un communiqu\u00e9.<\/p>\n<p class=\"c4\">Le Royaume, ajoute-t-il, \u201cconsid\u00e8re que les mesures unilat\u00e9rales ne sont gu\u00e8re la solution, de m\u00eame qu\u2019il appelle \u00e0 favoriser le dialogue et le respect des droits\u201d.<\/p>\n<p class=\"c4\">Le minist\u00e8re a soulign\u00e9 que le Maroc affirme la n\u00e9cessit\u00e9 de pr\u00e9server le statut sp\u00e9cial de la ville d\u2019Al Qods et de prot\u00e9ger le cachet islamique de la ville sainte et la sacralit\u00e9 de la Mosqu\u00e9e Al Aqsa.<\/p>\n<\/div>\n<p>Auteur: Soufiane ELAHMAR<br \/>\n<a href=\"http:\/\/www.mapoujda.ma\/fr\/le-maroc-suit-avec-profonde-inquietude-les-violents-incidents-a-al-qods-acharif-et-dans-la-mosquee-al-aqsa\/\">Cliquez ici pour lire l&rsquo;article depuis sa source.<\/a><\/p>\n","protected":false},"excerpt":{"rendered":"<p>Le Royaume du Maroc a suivi avec profonde inqui\u00e9tude les violents incidents survenus \u00e0 Al Qods acharif et dans la mosqu\u00e9e Al Aqsa, a indiqu\u00e9 dimanche le minist\u00e8re des Affaires \u00e9trang\u00e8res, de la Coop\u00e9ration africaine et des Marocains r\u00e9sidant \u00e0 l\u2019\u00e9tranger. \u201cLe Maroc dont le Souverain SM le Roi Mohammed VI, que Dieu L\u2019assiste, pr\u00e9side [&hellip;]<\/p>\n","protected":false},"author":1788,"featured_media":0,"comment_status":"closed","ping_status":"closed","sticky":false,"template":"","format":"standard","meta":{"fifu_image_url":"http:\/\/www.mapoujda.ma\/map\/uploads\/2021\/04\/Minist\u00e8re-des-affaires-\u00e9trang\u00e8res-de-la-coop\u00e9ration-africaine-et-des-MRE-750\u00d7430-MAP.jpg","fifu_image_alt":"Le Maroc suit avec profonde inqui\u00e9tude les violents incidents \u00e0 Al Qods Acharif et dans la mosqu\u00e9e Al-Aqsa","footnotes":""},"categories":[54,76],"tags":[],"class_list":["post-116438","post","type-post","status-publish","format-standard","hentry","category-maroc","category-regions"],"_links":{"self":[{"href":"https:\/\/linitiative.ca\/International\/wp-json\/wp\/v2\/posts\/116438","targetHints":{"allow":["GET"]}}],"collection":[{"href":"https:\/\/linitiative.ca\/International\/wp-json\/wp\/v2\/posts"}],"about":[{"href":"https:\/\/linitiative.ca\/International\/wp-json\/wp\/v2\/types\/post"}],"author":[{"embeddable":true,"href":"https:\/\/linitiative.ca\/International\/wp-json\/wp\/v2\/users\/1788"}],"replies":[{"embeddable":true,"href":"https:\/\/linitiative.ca\/International\/wp-json\/wp\/v2\/comments?post=116438"}],"version-history":[{"count":0,"href":"https:\/\/linitiative.ca\/International\/wp-json\/wp\/v2\/posts\/116438\/revisions"}],"wp:attachment":[{"href":"https:\/\/linitiative.ca\/International\/wp-json\/wp\/v2\/media?parent=116438"}],"wp:term":[{"taxonomy":"category","embeddable":true,"href":"https:\/\/linitiative.ca\/International\/wp-json\/wp\/v2\/categories?post=116438"},{"taxonomy":"post_tag","embeddable":true,"href":"https:\/\/linitiative.ca\/International\/wp-json\/wp\/v2\/tags?post=116438"}],"curies":[{"name":"wp","href":"https:\/\/api.w.org\/{rel}","templated":true}]}}