{"id":116441,"date":"2021-05-09T07:02:00","date_gmt":"2021-05-09T11:02:00","guid":{"rendered":"https:\/\/linitiative.ca\/International\/onssa-la-pasteque-ne-contient-pas-de-contaminants\/"},"modified":"2021-05-09T07:02:00","modified_gmt":"2021-05-09T11:02:00","slug":"onssa-la-pasteque-ne-contient-pas-de-contaminants","status":"publish","type":"post","link":"https:\/\/linitiative.ca\/International\/onssa-la-pasteque-ne-contient-pas-de-contaminants\/","title":{"rendered":"ONSSA: La past\u00e8que ne contient pas de contaminants"},"content":{"rendered":"<p class=\"rtejustify\">La past\u00e8que marocaine est conforme aux normes de s\u00e9curit\u00e9 sanitaire des aliments et ne contient pas de contaminants, \u00e0 assur\u00e9 l&rsquo;Office national de s\u00e9curit\u00e9 sanitaire des produits alimentaires (ONSSA). Les r\u00e9sultats des \u00e9chantillons analys\u00e9s, dans le cadre du plan de surveillance et de contr\u00f4le de la past\u00e8que durant la campagne en cours (ann\u00e9e 2021), ont r\u00e9v\u00e9l\u00e9 l&rsquo;absence de contaminants dans ce fruit, \u00e0 savoir les r\u00e9sidus des pesticides, des m\u00e9taux lourds (plomb et cadmium) et des bact\u00e9ries (salmonelles et coliformes).<\/p>\n<p class=\"rtejustify\"><em>F. Z. T.<\/em><\/p>\n<p>Auteur: hgueye<br \/>\n<a href=\"https:\/\/www.leconomiste.com\/flash-infos\/onssa-la-pasteque-ne-contient-pas-de-contaminants\">Cliquez ici pour lire l&rsquo;article depuis sa source.<\/a><\/p>\n","protected":false},"excerpt":{"rendered":"<p>La past\u00e8que marocaine est conforme aux normes de s\u00e9curit\u00e9 sanitaire des aliments et ne contient pas de contaminants, \u00e0 assur\u00e9 l&rsquo;Office national de s\u00e9curit\u00e9 sanitaire des produits alimentaires (ONSSA). Les r\u00e9sultats des \u00e9chantillons analys\u00e9s, dans le cadre du plan de surveillance et de contr\u00f4le de la past\u00e8que durant la campagne en cours (ann\u00e9e 2021), ont [&hellip;]<\/p>\n","protected":false},"author":1763,"featured_media":0,"comment_status":"closed","ping_status":"closed","sticky":false,"template":"","format":"standard","meta":{"fifu_image_url":"","fifu_image_alt":"","footnotes":""},"categories":[78,54],"tags":[],"class_list":["post-116441","post","type-post","status-publish","format-standard","hentry","category-economie","category-maroc"],"_links":{"self":[{"href":"https:\/\/linitiative.ca\/International\/wp-json\/wp\/v2\/posts\/116441","targetHints":{"allow":["GET"]}}],"collection":[{"href":"https:\/\/linitiative.ca\/International\/wp-json\/wp\/v2\/posts"}],"about":[{"href":"https:\/\/linitiative.ca\/International\/wp-json\/wp\/v2\/types\/post"}],"author":[{"embeddable":true,"href":"https:\/\/linitiative.ca\/International\/wp-json\/wp\/v2\/users\/1763"}],"replies":[{"embeddable":true,"href":"https:\/\/linitiative.ca\/International\/wp-json\/wp\/v2\/comments?post=116441"}],"version-history":[{"count":0,"href":"https:\/\/linitiative.ca\/International\/wp-json\/wp\/v2\/posts\/116441\/revisions"}],"wp:attachment":[{"href":"https:\/\/linitiative.ca\/International\/wp-json\/wp\/v2\/media?parent=116441"}],"wp:term":[{"taxonomy":"category","embeddable":true,"href":"https:\/\/linitiative.ca\/International\/wp-json\/wp\/v2\/categories?post=116441"},{"taxonomy":"post_tag","embeddable":true,"href":"https:\/\/linitiative.ca\/International\/wp-json\/wp\/v2\/tags?post=116441"}],"curies":[{"name":"wp","href":"https:\/\/api.w.org\/{rel}","templated":true}]}}