{"id":116442,"date":"2021-05-09T08:25:58","date_gmt":"2021-05-09T12:25:58","guid":{"rendered":"https:\/\/linitiative.ca\/International\/produits-contrefaits-la-dgsn-sevit-a-oujda\/"},"modified":"2021-05-09T08:25:58","modified_gmt":"2021-05-09T12:25:58","slug":"produits-contrefaits-la-dgsn-sevit-a-oujda","status":"publish","type":"post","link":"https:\/\/linitiative.ca\/International\/produits-contrefaits-la-dgsn-sevit-a-oujda\/","title":{"rendered":"Produits contrefaits: La DGSN s\u00e9vit \u00e0 Oujda"},"content":{"rendered":"<p class=\"rtejustify\">La\u00a0police judiciaire d&rsquo;Oujda a interpell\u00e9, samedi, sept individus pour leurs liens pr\u00e9sum\u00e9s avec un r\u00e9seau criminel actif dans la contrefa\u00e7on de marques commerciales et leur utilisation dans l&#8217;emballage des denr\u00e9es alimentaires p\u00e9rim\u00e9es et leur stockage dans des conditions susceptibles de nuire \u00e0 la sant\u00e9 publique.<\/p>\n<p class=\"rtejustify\">Cette op\u00e9ration intervient \u00e0 la suite de\u00a0renseignements fournis par les services de la Direction g\u00e9n\u00e9rale de la surveillance du territoire. Elle a \u00e9t\u00e9 men\u00e9e\u00a0simultan\u00e9ment \u00e0 l&rsquo;int\u00e9rieur de cinq entrep\u00f4ts de stockage des denr\u00e9es alimentaires et d&rsquo;une imprimerie \u00e0 Oujda, selon la DGSN. Sur les lieux, les services de s\u00fbret\u00e9 ont mis la main sur de grandes quantit\u00e9s de produits alimentaires et de consommation dont la date de p\u00e9remption est d\u00e9pass\u00e9e. Ces produits ont \u00e9t\u00e9 emball\u00e9s avec de nouvelles dates en recourant \u00e0 de fausses marques commerciales, et ce avant leur stockage dans des conditions qui ne respectent gu\u00e8re les normes de la sant\u00e9 et de la s\u00e9curit\u00e9, pr\u00e9cise la DGSN, ajoutant que 290.000 DH\u00a0soup\u00e7onn\u00e9s de provenir de cette activit\u00e9 criminelle ont \u00e9t\u00e9 \u00e9galement saisis.<\/p>\n<p>Auteur: hgueye<br \/>\n<a href=\"https:\/\/www.leconomiste.com\/flash-infos\/produits-contrefaits-la-dgsn-sevit-oujda\">Cliquez ici pour lire l&rsquo;article depuis sa source.<\/a><\/p>\n","protected":false},"excerpt":{"rendered":"<p>La\u00a0police judiciaire d&rsquo;Oujda a interpell\u00e9, samedi, sept individus pour leurs liens pr\u00e9sum\u00e9s avec un r\u00e9seau criminel actif dans la contrefa\u00e7on de marques commerciales et leur utilisation dans l&#8217;emballage des denr\u00e9es alimentaires p\u00e9rim\u00e9es et leur stockage dans des conditions susceptibles de nuire \u00e0 la sant\u00e9 publique. Cette op\u00e9ration intervient \u00e0 la suite de\u00a0renseignements fournis par les [&hellip;]<\/p>\n","protected":false},"author":1763,"featured_media":0,"comment_status":"closed","ping_status":"closed","sticky":false,"template":"","format":"standard","meta":{"fifu_image_url":"","fifu_image_alt":"","footnotes":""},"categories":[78,54],"tags":[],"class_list":["post-116442","post","type-post","status-publish","format-standard","hentry","category-economie","category-maroc"],"_links":{"self":[{"href":"https:\/\/linitiative.ca\/International\/wp-json\/wp\/v2\/posts\/116442","targetHints":{"allow":["GET"]}}],"collection":[{"href":"https:\/\/linitiative.ca\/International\/wp-json\/wp\/v2\/posts"}],"about":[{"href":"https:\/\/linitiative.ca\/International\/wp-json\/wp\/v2\/types\/post"}],"author":[{"embeddable":true,"href":"https:\/\/linitiative.ca\/International\/wp-json\/wp\/v2\/users\/1763"}],"replies":[{"embeddable":true,"href":"https:\/\/linitiative.ca\/International\/wp-json\/wp\/v2\/comments?post=116442"}],"version-history":[{"count":0,"href":"https:\/\/linitiative.ca\/International\/wp-json\/wp\/v2\/posts\/116442\/revisions"}],"wp:attachment":[{"href":"https:\/\/linitiative.ca\/International\/wp-json\/wp\/v2\/media?parent=116442"}],"wp:term":[{"taxonomy":"category","embeddable":true,"href":"https:\/\/linitiative.ca\/International\/wp-json\/wp\/v2\/categories?post=116442"},{"taxonomy":"post_tag","embeddable":true,"href":"https:\/\/linitiative.ca\/International\/wp-json\/wp\/v2\/tags?post=116442"}],"curies":[{"name":"wp","href":"https:\/\/api.w.org\/{rel}","templated":true}]}}