{"id":116446,"date":"2021-05-09T15:14:00","date_gmt":"2021-05-09T19:14:00","guid":{"rendered":"https:\/\/linitiative.ca\/International\/international-dortmund-sancho-reste-flou-pour-son-futur\/"},"modified":"2021-05-09T15:14:00","modified_gmt":"2021-05-09T19:14:00","slug":"international-dortmund-sancho-reste-flou-pour-son-futur","status":"publish","type":"post","link":"https:\/\/linitiative.ca\/International\/international-dortmund-sancho-reste-flou-pour-son-futur\/","title":{"rendered":"International : Dortmund : Sancho reste flou pour son futur"},"content":{"rendered":"<div readability=\"32\">\n<p>Auteur : <span class=\"time\">dimanche 09 mai 2021 15:00<\/span><\/p>\n<\/div>\n<div id=\"post_core\" readability=\"42\">\n<p>L&rsquo;ailier anglais, courtis\u00e9 par les plus grands clubs de Premier League, avoue se sentir bien au Borussia Dortmund. \u00ab\u00a0Je ne sais pas plus pour mon avenir. Je suis tr\u00e8s heureux ici \u00e0 Dortmund en ce moment. J&rsquo;adore le club, les supporters et l&rsquo;\u00e9quipe. Ils m&rsquo;ont donn\u00e9 mon premier d\u00e9part professionnel. Les fans me motivent et me poussent \u00e0 fond\u00a0\u00bb, a indiqu\u00e9 le jeune talent pour ESPN rapporte Maxifoot. Pour rappel, le BvB r\u00e9clame 100 millions d&rsquo;euros pour le laisser filer.<\/p>\n<p><strong>Publi\u00e9 dans :<\/strong> <span>Dortmund<\/span> <span>Sancho<\/span><\/p>\n<\/div>\n<p>Auteur:<br \/>\n<a href=\"http:\/\/www.lebuteur.com\/article\/detail?titre=dortmund-sancho-reste-flou-pour-son-futur&#038;id=100004&#038;utm_source=feedburner&#038;utm_medium=feed&#038;utm_campaign=Feed%3A+GalerieFArtciles+%28Les+derniers+articles++-+lebuteur.com%29\">Cliquez ici pour lire l&rsquo;article depuis sa source.<\/a><\/p>\n","protected":false},"excerpt":{"rendered":"<p>Auteur : dimanche 09 mai 2021 15:00 L&rsquo;ailier anglais, courtis\u00e9 par les plus grands clubs de Premier League, avoue se sentir bien au Borussia Dortmund. \u00ab\u00a0Je ne sais pas plus pour mon avenir. Je suis tr\u00e8s heureux ici \u00e0 Dortmund en ce moment. J&rsquo;adore le club, les supporters et l&rsquo;\u00e9quipe. Ils m&rsquo;ont donn\u00e9 mon premier [&hellip;]<\/p>\n","protected":false},"author":1738,"featured_media":0,"comment_status":"closed","ping_status":"closed","sticky":false,"template":"","format":"standard","meta":{"fifu_image_url":"\/\/cdn.lebuteur.com\/data\/images\/article\/thumbs\/large-dortmund-sancho-reste-flou-pour-son-futur-5ac45.jpg","fifu_image_alt":"International : Dortmund : Sancho reste flou pour son futur","footnotes":""},"categories":[53,75],"tags":[],"class_list":["post-116446","post","type-post","status-publish","format-standard","hentry","category-algerie","category-sport"],"_links":{"self":[{"href":"https:\/\/linitiative.ca\/International\/wp-json\/wp\/v2\/posts\/116446","targetHints":{"allow":["GET"]}}],"collection":[{"href":"https:\/\/linitiative.ca\/International\/wp-json\/wp\/v2\/posts"}],"about":[{"href":"https:\/\/linitiative.ca\/International\/wp-json\/wp\/v2\/types\/post"}],"author":[{"embeddable":true,"href":"https:\/\/linitiative.ca\/International\/wp-json\/wp\/v2\/users\/1738"}],"replies":[{"embeddable":true,"href":"https:\/\/linitiative.ca\/International\/wp-json\/wp\/v2\/comments?post=116446"}],"version-history":[{"count":0,"href":"https:\/\/linitiative.ca\/International\/wp-json\/wp\/v2\/posts\/116446\/revisions"}],"wp:attachment":[{"href":"https:\/\/linitiative.ca\/International\/wp-json\/wp\/v2\/media?parent=116446"}],"wp:term":[{"taxonomy":"category","embeddable":true,"href":"https:\/\/linitiative.ca\/International\/wp-json\/wp\/v2\/categories?post=116446"},{"taxonomy":"post_tag","embeddable":true,"href":"https:\/\/linitiative.ca\/International\/wp-json\/wp\/v2\/tags?post=116446"}],"curies":[{"name":"wp","href":"https:\/\/api.w.org\/{rel}","templated":true}]}}