{"id":116449,"date":"2021-05-09T15:14:05","date_gmt":"2021-05-09T19:14:05","guid":{"rendered":"https:\/\/linitiative.ca\/International\/international-nice-ursea-boudaoui-aligner-des-performances-comme-ca-sans-boire-et-manger-cest-enorme\/"},"modified":"2021-05-09T15:14:05","modified_gmt":"2021-05-09T19:14:05","slug":"international-nice-ursea-boudaoui-aligner-des-performances-comme-ca-sans-boire-et-manger-cest-enorme","status":"publish","type":"post","link":"https:\/\/linitiative.ca\/International\/international-nice-ursea-boudaoui-aligner-des-performances-comme-ca-sans-boire-et-manger-cest-enorme\/","title":{"rendered":"International : Nice &#8211; Ursea : \u00ab\u00a0Boudaoui ? Aligner des performances comme \u00e7a sans boire et manger c&rsquo;est \u00e9norme\u00a0\u00bb"},"content":{"rendered":"<div readability=\"32\">\n<p>Auteur : <span class=\"time\">dimanche 09 mai 2021 18:08<\/span><\/p>\n<\/div>\n<div id=\"post_core\" readability=\"48\">\n<p>En conf\u00e9rence de presse apr\u00e8s la victoire face \u00e0 Brest (3-2), l&rsquo;entraineur ni\u00e7ois Adrian Ursea est revenu sur le but de l&rsquo;\u00e9galisation sign\u00e9 Hicham Boudaoui :<\/p>\n<p>\u00ab\u00a0Il (Boudaoui) se trouve dans la 3\u00e8me semaine du ramadan. A Lille, quand il \u00e9tait moins bien, je ne voulais pas prendre \u00e7a pour excuse. Il a mang\u00e9 pour la derni\u00e8re fois \u00e0 5h du matin. Il a r\u00e9ussi \u00e0 se nourrir apr\u00e8s le but encaiss\u00e9 \u00e0 Lille, car c\u2019est \u00e0 partir de l\u00e0 qu\u2019il pouvait manger. C\u2019est tomb\u00e9 comme \u00e7a. Une journ\u00e9e enti\u00e8re sans boire et manger, c\u2019est \u00e9norme. Aujourd\u2019hui le match \u00e9tait un peu plus t\u00f4t mais on sait ce qu\u2019un je\u00fbne demande, donc aligner des performances comme \u00e7a est \u00e9norme. Je le dis aussi pour Youcef. Il y des joueurs qui se trouvent dans le m\u00eame cas dans les autres \u00e9quipes, donc je ne veux pas trouver d\u2019excuse. Mais je parle pour mes joueurs : lorsqu\u2019on arrive \u00e0 encha\u00eener des courses \u00e0 haute intensit\u00e9, les r\u00e9p\u00e9titions d\u2019efforts, et \u00e0 afficher un tel volume, chapeau bas.\u00a0\u00bb Des propos relay\u00e9s par Ogcnice.com.<\/p>\n<p><strong>Publi\u00e9 dans :<\/strong> <span>Boudaoui<\/span><\/p>\n<\/div>\n<p>Auteur:<br \/>\n<a href=\"http:\/\/www.lebuteur.com\/article\/detail?titre=nice-ursea-boudaoui-aligner-des-performances-comme-ca-sans-boire-et-manger-cest-enorme&#038;id=100007&#038;utm_source=feedburner&#038;utm_medium=feed&#038;utm_campaign=Feed%3A+GalerieFArtciles+%28Les+derniers+articles++-+lebuteur.com%29\">Cliquez ici pour lire l&rsquo;article depuis sa source.<\/a><\/p>\n","protected":false},"excerpt":{"rendered":"<p>Auteur : dimanche 09 mai 2021 18:08 En conf\u00e9rence de presse apr\u00e8s la victoire face \u00e0 Brest (3-2), l&rsquo;entraineur ni\u00e7ois Adrian Ursea est revenu sur le but de l&rsquo;\u00e9galisation sign\u00e9 Hicham Boudaoui : \u00ab\u00a0Il (Boudaoui) se trouve dans la 3\u00e8me semaine du ramadan. A Lille, quand il \u00e9tait moins bien, je ne voulais pas prendre [&hellip;]<\/p>\n","protected":false},"author":1738,"featured_media":0,"comment_status":"closed","ping_status":"closed","sticky":false,"template":"","format":"standard","meta":{"fifu_image_url":"\/\/cdn.lebuteur.com\/data\/images\/article\/thumbs\/large-nice-ursea-boudaoui-aligner-des-performances-comme-ca-sans-boire-et-manger-cest-enorme-120bf.jpg","fifu_image_alt":"International : Nice - Ursea : \"Boudaoui ? Aligner des performances comme \u00e7a sans boire et manger c'est \u00e9norme\"","footnotes":""},"categories":[53,75],"tags":[],"class_list":["post-116449","post","type-post","status-publish","format-standard","hentry","category-algerie","category-sport"],"_links":{"self":[{"href":"https:\/\/linitiative.ca\/International\/wp-json\/wp\/v2\/posts\/116449","targetHints":{"allow":["GET"]}}],"collection":[{"href":"https:\/\/linitiative.ca\/International\/wp-json\/wp\/v2\/posts"}],"about":[{"href":"https:\/\/linitiative.ca\/International\/wp-json\/wp\/v2\/types\/post"}],"author":[{"embeddable":true,"href":"https:\/\/linitiative.ca\/International\/wp-json\/wp\/v2\/users\/1738"}],"replies":[{"embeddable":true,"href":"https:\/\/linitiative.ca\/International\/wp-json\/wp\/v2\/comments?post=116449"}],"version-history":[{"count":0,"href":"https:\/\/linitiative.ca\/International\/wp-json\/wp\/v2\/posts\/116449\/revisions"}],"wp:attachment":[{"href":"https:\/\/linitiative.ca\/International\/wp-json\/wp\/v2\/media?parent=116449"}],"wp:term":[{"taxonomy":"category","embeddable":true,"href":"https:\/\/linitiative.ca\/International\/wp-json\/wp\/v2\/categories?post=116449"},{"taxonomy":"post_tag","embeddable":true,"href":"https:\/\/linitiative.ca\/International\/wp-json\/wp\/v2\/tags?post=116449"}],"curies":[{"name":"wp","href":"https:\/\/api.w.org\/{rel}","templated":true}]}}