{"id":116451,"date":"2021-05-09T13:03:08","date_gmt":"2021-05-09T17:03:08","guid":{"rendered":"https:\/\/linitiative.ca\/International\/hirak-le-ministere-de-linterieur-exige-des-organisateurs-de-lui-communiquer-litineraire-les-horaires-et-les-slogans\/"},"modified":"2021-05-09T13:03:08","modified_gmt":"2021-05-09T17:03:08","slug":"hirak-le-ministere-de-linterieur-exige-des-organisateurs-de-lui-communiquer-litineraire-les-horaires-et-les-slogans","status":"publish","type":"post","link":"https:\/\/linitiative.ca\/International\/hirak-le-ministere-de-linterieur-exige-des-organisateurs-de-lui-communiquer-litineraire-les-horaires-et-les-slogans\/","title":{"rendered":"Hirak : Le minist\u00e8re de l\u2019Int\u00e9rieur exige des \u00ab\u00a0organisateurs\u00a0\u00bb de lui communiquer l\u2019itin\u00e9raire, les horaires et les slogans"},"content":{"rendered":"<h4 class=\"title-14\"\/>\n<div class=\"featured_image\"><img loading=\"lazy\" decoding=\"async\" width=\"658\" height=\"930\" src=\"https:\/\/www.elwatan.com\/wp-content\/uploads\/2021\/05\/received_929083717663631.jpeg\" class=\"attachment-post-thumbnail size-post-thumbnail wp-post-image\" alt=\"\" srcset=\"https:\/\/www.elwatan.com\/wp-content\/uploads\/2021\/05\/received_929083717663631.jpeg 658w, https:\/\/www.elwatan.com\/wp-content\/uploads\/2021\/05\/received_929083717663631-212x300.jpeg 212w\" sizes=\"auto, (max-width: 658px) 100vw, 658px\"\/><\/div>\n<p><strong><em>Le minist\u00e8re de l\u2019Int\u00e9rieur a exig\u00e9, dans un communiqu\u00e9 rendu public aujourd\u2019hui, dimanche 9 mai, que lui soit communiqu\u00e9, au pr\u00e9alable, de la part des \u00ab\u00a0organisateurs\u00a0\u00bb du Hirak, comme il l\u2019a indiqu\u00e9, l\u2019itin\u00e9raire de la marche du vendredi, les horaires de d\u00e9part et de sa fin, les noms des organisateurs ainsi que les slogans qui seront scand\u00e9s, et ce, comme \u00e7a \u00e0 \u00e9t\u00e9 indiqu\u00e9 par le minist\u00e8re, conform\u00e9ment aux dispositions de la nouvelle constitution relatives au syst\u00e8me d\u00e9claratif des marches.\u00a0<\/em><\/strong><\/p>\n<p>Ce d\u00e9partement minist\u00e9riel a justifi\u00e9 la publication de ce communiqu\u00e9 par le fait que des \u00ab\u00a0d\u00e9passements dangereux\u00a0\u00bb ont \u00e9t\u00e9 enregistr\u00e9s \u00ab\u00a0ces derni\u00e8res semaines\u00a0\u00bb lors des marches hebdomadaires, notamment avec le \u00ab\u00a0changement d\u2019itin\u00e9raire\u00a0\u00bb.<\/p>\n<p>Il faut rappeler que l\u2019itin\u00e9raire avait \u00e9t\u00e9 chang\u00e9 lors du 116e vendredi, le dernier, apr\u00e8s la r\u00e9pression que les manifestants avaient subi le vendredi d\u2019avant, \u00e0 la fin de la marche, au niveau de la rue Didouche Mourad.<\/p>\n<p>Les manifestants voulaient selon toute vraisemblance, d\u2019apr\u00e8s leurs dires sur place, \u00e9viter un affrontement avec les services de s\u00e9curit\u00e9. D\u2019o\u00f9 leur d\u00e9cision de changer d\u2019itin\u00e9raire.<\/p>\n<p><span class=\"post-views-label\">Post Views:<\/span> <span class=\"post-views-count\">788<\/span><\/p>\n<p><br class=\"c3\"\/><\/p>\n<div class=\"ichhar-moneytagnative c5\" id=\"ichhar-1755213121\">\n<p>Advertisements<\/p>\n<\/div>\n<p><br class=\"c3\"\/><br \/>\n<br class=\"c6\"\/><\/p>\n<p>Auteur: Mohand Yahiaoui<br \/>\n<a href=\"https:\/\/www.elwatan.com\/edition\/actualite\/hirak-le-ministere-de-linterieur-exige-des-organisateurs-de-lui-communiquer-litineraire-les-horaires-et-les-slogans-09-05-2021\">Cliquez ici pour lire l&rsquo;article depuis sa source.<\/a><\/p>\n","protected":false},"excerpt":{"rendered":"<p>Le minist\u00e8re de l\u2019Int\u00e9rieur a exig\u00e9, dans un communiqu\u00e9 rendu public aujourd\u2019hui, dimanche 9 mai, que lui soit communiqu\u00e9, au pr\u00e9alable, de la part des \u00ab\u00a0organisateurs\u00a0\u00bb du Hirak, comme il l\u2019a indiqu\u00e9, l\u2019itin\u00e9raire de la marche du vendredi, les horaires de d\u00e9part et de sa fin, les noms des organisateurs ainsi que les slogans qui [&hellip;]<\/p>\n","protected":false},"author":1743,"featured_media":0,"comment_status":"closed","ping_status":"closed","sticky":false,"template":"","format":"standard","meta":{"fifu_image_url":"https:\/\/www.elwatan.com\/wp-content\/uploads\/2021\/05\/received_929083717663631.jpeg","fifu_image_alt":"Hirak : Le minist\u00e8re de l\u2019Int\u00e9rieur exige des \u00ab\u00a0organisateurs\u00a0\u00bb de lui communiquer l\u2019itin\u00e9raire, les horaires et les slogans","footnotes":""},"categories":[73,53],"tags":[],"class_list":["post-116451","post","type-post","status-publish","format-standard","hentry","category-actualite","category-algerie"],"_links":{"self":[{"href":"https:\/\/linitiative.ca\/International\/wp-json\/wp\/v2\/posts\/116451","targetHints":{"allow":["GET"]}}],"collection":[{"href":"https:\/\/linitiative.ca\/International\/wp-json\/wp\/v2\/posts"}],"about":[{"href":"https:\/\/linitiative.ca\/International\/wp-json\/wp\/v2\/types\/post"}],"author":[{"embeddable":true,"href":"https:\/\/linitiative.ca\/International\/wp-json\/wp\/v2\/users\/1743"}],"replies":[{"embeddable":true,"href":"https:\/\/linitiative.ca\/International\/wp-json\/wp\/v2\/comments?post=116451"}],"version-history":[{"count":0,"href":"https:\/\/linitiative.ca\/International\/wp-json\/wp\/v2\/posts\/116451\/revisions"}],"wp:attachment":[{"href":"https:\/\/linitiative.ca\/International\/wp-json\/wp\/v2\/media?parent=116451"}],"wp:term":[{"taxonomy":"category","embeddable":true,"href":"https:\/\/linitiative.ca\/International\/wp-json\/wp\/v2\/categories?post=116451"},{"taxonomy":"post_tag","embeddable":true,"href":"https:\/\/linitiative.ca\/International\/wp-json\/wp\/v2\/tags?post=116451"}],"curies":[{"name":"wp","href":"https:\/\/api.w.org\/{rel}","templated":true}]}}