{"id":116456,"date":"2021-05-09T06:00:00","date_gmt":"2021-05-09T10:00:00","guid":{"rendered":"https:\/\/linitiative.ca\/International\/operation-concrete\/"},"modified":"2021-05-09T06:00:00","modified_gmt":"2021-05-09T10:00:00","slug":"operation-concrete","status":"publish","type":"post","link":"https:\/\/linitiative.ca\/International\/operation-concrete\/","title":{"rendered":"Op\u00e9ration concr\u00e8te"},"content":{"rendered":"<p>Le ministre de la Transition \u00e9nerg\u00e9tique et des Energies renouvelables, Chems Eddine Chitour, fait un v\u00e9ritable forcing pour lancer des op\u00e9rations concr\u00e8tes sur le terrain. Farouche partisan du GPL, il compte lancer, dans l\u2019imm\u00e9diat, \u00e0 travers l\u2019Agence nationale pour la promotion et rationalisation de l\u2019utilisation de l\u2019\u00e9nergie (Aprue), une op\u00e9ration consistant \u00e0 doter 150 000 v\u00e9hicules du syst\u00e8me GPL. Notamment au profit des transports publics.<\/p>\n<p>Auteur:<br \/>\n<a href=\"https:\/\/www.lesoirdalgerie.com\/periscoop\/operation-concrete-60832\">Cliquez ici pour lire l&rsquo;article depuis sa source.<\/a><\/p>\n","protected":false},"excerpt":{"rendered":"<p>Le ministre de la Transition \u00e9nerg\u00e9tique et des Energies renouvelables, Chems Eddine Chitour, fait un v\u00e9ritable forcing pour lancer des op\u00e9rations concr\u00e8tes sur le terrain. Farouche partisan du GPL, il compte lancer, dans l\u2019imm\u00e9diat, \u00e0 travers l\u2019Agence nationale pour la promotion et rationalisation de l\u2019utilisation de l\u2019\u00e9nergie (Aprue), une op\u00e9ration consistant \u00e0 doter 150 000 [&hellip;]<\/p>\n","protected":false},"author":1741,"featured_media":0,"comment_status":"closed","ping_status":"closed","sticky":false,"template":"","format":"standard","meta":{"fifu_image_url":"","fifu_image_alt":"","footnotes":""},"categories":[73,53],"tags":[],"class_list":["post-116456","post","type-post","status-publish","format-standard","hentry","category-actualite","category-algerie"],"_links":{"self":[{"href":"https:\/\/linitiative.ca\/International\/wp-json\/wp\/v2\/posts\/116456","targetHints":{"allow":["GET"]}}],"collection":[{"href":"https:\/\/linitiative.ca\/International\/wp-json\/wp\/v2\/posts"}],"about":[{"href":"https:\/\/linitiative.ca\/International\/wp-json\/wp\/v2\/types\/post"}],"author":[{"embeddable":true,"href":"https:\/\/linitiative.ca\/International\/wp-json\/wp\/v2\/users\/1741"}],"replies":[{"embeddable":true,"href":"https:\/\/linitiative.ca\/International\/wp-json\/wp\/v2\/comments?post=116456"}],"version-history":[{"count":0,"href":"https:\/\/linitiative.ca\/International\/wp-json\/wp\/v2\/posts\/116456\/revisions"}],"wp:attachment":[{"href":"https:\/\/linitiative.ca\/International\/wp-json\/wp\/v2\/media?parent=116456"}],"wp:term":[{"taxonomy":"category","embeddable":true,"href":"https:\/\/linitiative.ca\/International\/wp-json\/wp\/v2\/categories?post=116456"},{"taxonomy":"post_tag","embeddable":true,"href":"https:\/\/linitiative.ca\/International\/wp-json\/wp\/v2\/tags?post=116456"}],"curies":[{"name":"wp","href":"https:\/\/api.w.org\/{rel}","templated":true}]}}