{"id":116457,"date":"2021-05-09T06:00:00","date_gmt":"2021-05-09T10:00:00","guid":{"rendered":"https:\/\/linitiative.ca\/International\/benziane-anticipe\/"},"modified":"2021-05-09T06:00:00","modified_gmt":"2021-05-09T10:00:00","slug":"benziane-anticipe","status":"publish","type":"post","link":"https:\/\/linitiative.ca\/International\/benziane-anticipe\/","title":{"rendered":"Benziane anticipe"},"content":{"rendered":"<p class=\"c3\">M\u00eame si son secteur est \u00e9pargn\u00e9 par les mouvements de protestation, le ministre de l&rsquo;Enseignement sup\u00e9rieur et de la Recherche scientifique anticipe.\u00a0<br \/>Abdelbaki Benziane a, en effet, initi\u00e9 un cycle de rencontres avec les syndicats de son secteur, \u00e0 commencer par celui des chercheurs permanents dont les responsables ont \u00e9t\u00e9 re\u00e7us ce jeudi. Une initiative qui intervient dans un climat social tendu.<\/p>\n<p>Auteur:<br \/>\n<a href=\"https:\/\/www.lesoirdalgerie.com\/periscoop\/benziane-anticipe-60831\">Cliquez ici pour lire l&rsquo;article depuis sa source.<\/a><\/p>\n","protected":false},"excerpt":{"rendered":"<p>M\u00eame si son secteur est \u00e9pargn\u00e9 par les mouvements de protestation, le ministre de l&rsquo;Enseignement sup\u00e9rieur et de la Recherche scientifique anticipe.\u00a0Abdelbaki Benziane a, en effet, initi\u00e9 un cycle de rencontres avec les syndicats de son secteur, \u00e0 commencer par celui des chercheurs permanents dont les responsables ont \u00e9t\u00e9 re\u00e7us ce jeudi. Une initiative qui [&hellip;]<\/p>\n","protected":false},"author":1741,"featured_media":0,"comment_status":"closed","ping_status":"closed","sticky":false,"template":"","format":"standard","meta":{"fifu_image_url":"","fifu_image_alt":"","footnotes":""},"categories":[73,53],"tags":[],"class_list":["post-116457","post","type-post","status-publish","format-standard","hentry","category-actualite","category-algerie"],"_links":{"self":[{"href":"https:\/\/linitiative.ca\/International\/wp-json\/wp\/v2\/posts\/116457","targetHints":{"allow":["GET"]}}],"collection":[{"href":"https:\/\/linitiative.ca\/International\/wp-json\/wp\/v2\/posts"}],"about":[{"href":"https:\/\/linitiative.ca\/International\/wp-json\/wp\/v2\/types\/post"}],"author":[{"embeddable":true,"href":"https:\/\/linitiative.ca\/International\/wp-json\/wp\/v2\/users\/1741"}],"replies":[{"embeddable":true,"href":"https:\/\/linitiative.ca\/International\/wp-json\/wp\/v2\/comments?post=116457"}],"version-history":[{"count":0,"href":"https:\/\/linitiative.ca\/International\/wp-json\/wp\/v2\/posts\/116457\/revisions"}],"wp:attachment":[{"href":"https:\/\/linitiative.ca\/International\/wp-json\/wp\/v2\/media?parent=116457"}],"wp:term":[{"taxonomy":"category","embeddable":true,"href":"https:\/\/linitiative.ca\/International\/wp-json\/wp\/v2\/categories?post=116457"},{"taxonomy":"post_tag","embeddable":true,"href":"https:\/\/linitiative.ca\/International\/wp-json\/wp\/v2\/tags?post=116457"}],"curies":[{"name":"wp","href":"https:\/\/api.w.org\/{rel}","templated":true}]}}