{"id":116461,"date":"2021-05-09T11:00:00","date_gmt":"2021-05-09T15:00:00","guid":{"rendered":"https:\/\/linitiative.ca\/International\/mon-histoire-avec-les-medicaments-une-autobiographie-de-feu-omar-tazi-chapitre-3\/"},"modified":"2021-05-09T11:00:00","modified_gmt":"2021-05-09T15:00:00","slug":"mon-histoire-avec-les-medicaments-une-autobiographie-de-feu-omar-tazi-chapitre-3","status":"publish","type":"post","link":"https:\/\/linitiative.ca\/International\/mon-histoire-avec-les-medicaments-une-autobiographie-de-feu-omar-tazi-chapitre-3\/","title":{"rendered":"\u00abMon histoire avec les m\u00e9dicaments\u00bb, une autobiographie de feu Omar Tazi [Chapitre 3]"},"content":{"rendered":"<p><strong>Son enfance, sa bataille contre le trust des multinationales qui dominaient le march\u00e9 des m\u00e9dicaments \u00e0 l\u2019\u00e9poque, son militantisme pour l\u2019industrie pharmaceutique marocaine, plus \u00e9panouie, innovante et comp\u00e9titive, son engagement pour un entrepreneuriat citoyen et responsable\u2026\u00ab Mon histoire avec les m\u00e9dicaments \u00bb, l\u2019autobiographie de feu Omar Tazi publi\u00e9e \u00e0 titre posthume, v\u00e9hicule des le\u00e7ons aussi bien dans le champ manag\u00e9rial que sur le registre des valeurs morales et citoyennes ou encore pour les perles sur l\u2019histoire \u00e9conomique et sociale du Royaume, que vous propose CHALLENGE pendant ce mois de ramadan, \u00e0 travers 19 chapitres. Capitaine d\u2019industrie, feu Omar Tazi qui nous a quitt\u00e9s le 20 mars 2020, faisait partie de cette g\u00e9n\u00e9ration de grands industriels qui ont contribu\u00e9 \u00e0 fa\u00e7onner l\u2019industrie marocaine.<\/strong><\/p>\n<div class=\"c10\">\n<\/div>\n<p><strong>Autosuggestions<\/strong><\/p>\n<p>Un jour, un \u0153uf d\u2019aigle est tomb\u00e9 d\u2019un nid et s\u2019est retrouv\u00e9 dans un poulailler. Croyant qu\u2019il s\u2019agissait d\u2019un de ses \u0153ufs, une poule l\u2019a couv\u00e9 jusqu\u2019\u00e0 \u00e9closion. Un aiglon noir est sorti de l\u2019\u0153uf. Il \u00e9tait diff\u00e9rent des autres poussins. Ses ailes \u00e9taient plus longues et son bec plus pointu.\u00a0En grandissant, l\u2019aiglon remarqua sa diff\u00e9rence, mais il ne parvint jamais \u00e0 l\u2019expliquer. Il chercha dans la terre de la nourriture. Et, lorsqu\u2019il volait, c\u2019\u00e9tait sur quelques m\u00e8tres \u00e0 peine. Bref, toute sa vie, l\u2019aiglon se croyait une poule. Un jour, notre jeune aiglon aper\u00e7ut dans le ciel des aigles royaux volant majestueusement \u00e0 travers les nuages. Subjugu\u00e9, il resta plant\u00e9 pendant quelques minutes \u00e0 contempler ces oiseaux magnifiques. \u00ab Moi aussi je veux voler comme eux\u00a0\u00bb, s\u2019\u00e9tait-il sugg\u00e9r\u00e9. \u00a0<\/p>\n<p>\u2013 \u00ab\u00a0Maman, as-tu vu ces magnifiques oiseaux\u00a0?\u00a0\u00bb.\u00a0\u00a0\u00a0\u00a0\u00a0\u00a0\u00a0\u00a0\u00a0\u00a0\u00a0\u00a0\u00a0\u00a0\u00a0\u00a0\u00a0\u00a0<br \/>\u2013 \u00ab Oui mon fils \u00bb.\u00a0\u00a0\u00a0\u00a0\u00a0\u00a0\u00a0\u00a0\u00a0\u00a0\u00a0\u00a0\u00a0\u00a0\u00a0\u00a0\u00a0\u00a0\u00a0\u00a0\u00a0\u00a0\u00a0\u00a0\u00a0\u00a0\u00a0\u00a0\u00a0\u00a0\u00a0\u00a0\u00a0\u00a0\u00a0\u00a0\u00a0\u00a0\u00a0\u00a0\u00a0\u00a0\u00a0\u00a0\u00a0\u00a0\u00a0\u00a0\u00a0\u00a0\u00a0\u00a0\u00a0\u00a0\u00a0\u00a0\u00a0\u00a0\u00a0\u00a0\u00a0\u00a0\u00a0\u00a0\u00a0\u00a0\u00a0\u00a0\u00a0\u00a0\u00a0\u00a0\u00a0\u00a0\u00a0<br \/>\u2013\u00a0\u00ab Est-ce que je pourrai voler comme eux un jour\u00a0? \u00bb.\u00a0\u00a0\u00a0\u00a0\u00a0\u00a0\u00a0\u00a0\u00a0\u00a0\u00a0\u00a0\u00a0\u00a0\u00a0\u00a0\u00a0\u00a0\u00a0\u00a0\u00a0\u00a0<br \/>\u2013 \u00ab Mais non mon fils, tu es une poule et les poules ne s\u2019\u00e9l\u00e8vent pas comme \u00e7a dans les airs\u00a0\u00bb.<\/p>\n<p>D\u00e9\u00e7u, l\u2019aiglon retourna \u00e0 sa basse-cour. Les ann\u00e9es pass\u00e8rent sans qu\u2019il ose un jour d\u00e9ployer ses ailes. Il mourra dans le poulailler. La moralit\u00e9 de cette histoire est \u00e9vidente\u00a0: les gens qui acceptent qu\u2019on leur sugg\u00e8re qu\u2019elles ne pourront pas accomplir leur r\u00eave, finissent par nourrir des proph\u00e9ties auto-r\u00e9alisatrices les emp\u00eachant de r\u00e9ussir. Dans le jargon de la psychologie, on appelle cela \u00ab\u00a0le syndrome de l\u2019imposteur\u00a0\u00bb[1] qui se manifeste par un doute maladif niant la possibilit\u00e9 de tout accomplissement personnel. Dieu merci, j\u2019ai toujours r\u00e9sist\u00e9 aux suggestions n\u00e9gatives. Quand je suis convaincu de quelque chose, je ne me laisse jamais d\u00e9courager par les critiques, m\u00eames celles bien intentionn\u00e9es venant de mes proches. En me sugg\u00e9rant toujours que je vais r\u00e9ussir, je parviens \u00e0 prendre possession de mon esprit et \u00e0 le mettre \u00e0 l\u2019abri des affirmations d\u00e9motivantes. Je crois que je dois beaucoup de mes r\u00e9ussites \u00e0 ce don de Dieu que j\u2019ai \u00a0d\u00e9velopp\u00e9 au fur et \u00e0 mesure o\u00f9 j\u2019avan\u00e7ais en \u00e2ge et o\u00f9 mes exp\u00e9riences devenaient plus riches.\u00a0\u00a0<\/p>\n<p><strong>Lire aussi | <a href=\"https:\/\/www.challenge.ma\/climat-des-affaires-la-nouvelle-feuille-de-route-sur-5-ans-document-184000\/\" target=\"_blank\" rel=\"noreferrer noopener\">Climat des affaires : la nouvelle feuille de route sur 5 ans [Document]<\/a><\/strong><\/p>\n<p>Une fois mes \u00e9tudes de pharmacie achev\u00e9es, je caressais d\u00e9j\u00e0 le r\u00eave de cr\u00e9er le premier laboratoire pharmaceutique 100% marocain. Beaucoup de gens pr\u00e9disaient mon \u00e9chec, me consid\u00e9rant comme un jeune pharmacien d\u00e9mesur\u00e9ment ambitieux. Pour moi, le secteur pr\u00e9sentait un vide \u00e0 combler. A la fin des ann\u00e9es 1960, les rares laboratoires pharmaceutiques install\u00e9s au Maroc \u00e9taient soit des multinationales, soit des joint-ventures avec des multinationales. L\u2019essentiel des m\u00e9dicaments consomm\u00e9s \u00e9tait import\u00e9. La fabrication locale \u00e9tait rudimentaire se limitant \u00e0 quelques formes simples comme les comprim\u00e9s, les pommades et les sirops.<\/p>\n<p>Mon r\u00eave n\u2019\u00e9tait pas de fabriquer de simples m\u00e9dicaments, mais plut\u00f4t de produire les traitements de derni\u00e8re g\u00e9n\u00e9ration. J\u2019avais \u00e9galement l\u2019ambition de me sp\u00e9cialiser dans les formes injectables qui restent les plus compliqu\u00e9es \u00e0 produire. Le processus de fabrication de ces formes pharmaceutiques est laborieux n\u00e9cessitant, entre autres, un respect scrupuleux des instructions de qualit\u00e9 dans les ZAC[2]. Il s\u2019agit de directives draconiennes concernant le traitement d\u2019air, le r\u00e9gime de soufflage, la climatisation, les pr\u00e9l\u00e8vements, la pes\u00e9e, la st\u00e9rilisation et la qualification du mat\u00e9riel et des locaux. Elles impliquent \u00e9galement la formation de ressources humaines suffisamment familiaris\u00e9es avec le processus d\u2019habilitation, de lavage hygi\u00e9nique des mains, des techniques d\u2019habillage, des comportements et gestuelles ad\u00e9quats, des contr\u00f4les, etc. Tout cela transformait mon r\u00eave en un vrai challenge. N\u00e9anmoins, ma conviction de l\u2019accomplir resta intacte. Gr\u00e2ce \u00e0 des stages effectu\u00e9s en France dans les blocs st\u00e9riles du laboratoire Roussel Diamant, j\u2019\u00e9tais parmi les rares marocains disposant d\u2019une qualification en pharmacie industrielle et d\u2019un savoir-faire dans les injectables.\u00a0<\/p>\n<p>Je suis rentr\u00e9 au Maroc au d\u00e9but des ann\u00e9es 1970. Comme tous les pharmaciens de ma g\u00e9n\u00e9ration, je d\u00e9marrais ma carri\u00e8re en ouvrant une pharmacie. J\u2019avais achet\u00e9 une officine \u00e0 Casablanca \u00e0 un prix d\u00e9risoire gr\u00e2ce \u00e0 l\u2019argent collect\u00e9 aupr\u00e8s des membres de ma famille. Apr\u00e8s quelques semaines, je m\u2019ennuyais derri\u00e8re le comptoir. Je commen\u00e7ais \u00e0 faire des prospections pour exercer en tant que pharmacien industriel dans un laboratoire. Je fis la connaissance d\u2019Omar Chaoui, pr\u00e9sident fondateur d\u2019Africphar, une petite joint-venture avec un laboratoire am\u00e9ricain. L\u2019activit\u00e9 d\u2019Africphar consistait \u00e0 plus de 90% en l\u2019importation de m\u00e9dicaments. Chaoui me proposa de passer des demi-journ\u00e9es \u00e0 superviser la production dans son laboratoire. Je passais donc la matin\u00e9e dans mon officine et l\u2019apr\u00e8s-midi chez Africphar. Apr\u00e8s quelques jours, je constatais l\u2019\u00e9tat lamentable de cette fabrique de m\u00e9dicaments. \u00ab\u00a0Cette unit\u00e9 n\u2019est pas conforme aux normes pharmaceutiques\u00bb , avais-je alert\u00e9 Chaoui lors de notre deuxi\u00e8me rencontre.\u00a0\u00a0\u00a0\u00a0\u00a0\u00a0\u00a0\u00a0\u00a0\u00a0\u00a0\u00a0\u00a0\u00a0<\/p>\n<p>\u00a0\u00a0\u00a0\u00a0\u00a0\u00a0\u00a0\u00a0\u00a0\u00a0\u00a0\u00a0\u00a0\u00a0\u00a0\u00a0\u00a0\u00a0\u00a0\u00a0\u00a0\u00a0\u00a0\u00a0\u00a0\u00a0\u00a0\u00a0\u00a0\u00a0\u00a0\u00a0\u00a0\u00a0\u00a0\u00a0\u00a0\u00a0\u00a0\u00a0\u00a0\u00a0\u00a0\u00a0\u00a0\u00a0\u00a0\u00a0\u00a0<br \/>\u2013 \u00ab Que proposes-tu ? me demanda-t-il \u00bb. \u00a0\u00a0\u00a0\u00a0\u00a0\u00a0\u00a0\u00a0\u00a0\u00a0\u00a0\u00a0\u00a0\u00a0\u00a0\u00a0\u00a0\u00a0\u00a0\u00a0\u00a0\u00a0\u00a0\u00a0\u00a0\u00a0\u00a0\u00a0\u00a0\u00a0\u00a0\u00a0\u00a0<br \/>\u2013 \u00ab Une nouvelle usine \u00bb. \u00a0\u00a0\u00a0\u00a0\u00a0\u00a0\u00a0\u00a0\u00a0\u00a0\u00a0\u00a0\u00a0\u00a0\u00a0\u00a0\u00a0\u00a0\u00a0\u00a0\u00a0\u00a0\u00a0\u00a0\u00a0\u00a0\u00a0\u00a0\u00a0\u00a0\u00a0\u00a0\u00a0\u00a0\u00a0\u00a0\u00a0\u00a0\u00a0\u00a0\u00a0\u00a0\u00a0\u00a0\u00a0\u00a0\u00a0\u00a0\u00a0\u00a0\u00a0\u00a0\u00a0\u00a0\u00a0\u00a0\u00a0\u00a0\u00a0\u00a0\u00a0\u00a0\u00a0<br \/>\u2013 \u00ab D\u2019accord, mais t\u2019occuperas-tu du chantier de construction\u00a0?\u00a0\u00bb\u00a0\u00a0\u00a0\u00a0\u00a0\u00a0\u00a0\u00a0\u00a0\u00a0\u00a0\u00a0\u00a0\u00a0\u00a0\u00a0\u00a0\u00a0\u00a0\u00a0\u00a0\u00a0\u00a0\u00a0\u00a0\u00a0\u00a0\u00a0\u00a0\u00a0\u00a0\u00a0\u00a0\u00a0\u00a0\u00a0\u00a0\u00a0\u00a0\u00a0\u00a0\u00a0\u00a0\u00a0\u00a0\u00a0\u00a0\u00a0\u00a0\u00a0\u00a0\u00a0\u00a0\u00a0\u00a0\u00a0\u00a0\u00a0\u00a0\u00a0\u00a0\u00a0\u00a0\u00a0\u00a0\u00a0\u00a0\u00a0\u00a0\u00a0\u00a0\u00a0\u00a0\u00a0<br \/>\u2013 \u00ab Bien volontiers, \u00e0 condition que je sois actionnaire\u00a0\u00bb.<\/p>\n<p>Omar Chaoui accepta le deal. Quelques jours apr\u00e8s notre conversation, le minist\u00e8re de la Sant\u00e9 adressa un avertissement \u00e0 Africphar en raison de l\u2019\u00e9tat de son usine. La construction de la nouvelle unit\u00e9 devint urgente. Chaoui mit \u00e0 ma disposition un terrain \u00e0 la zone industrielle d\u2019A\u00efn Seba\u00e2. Je me suis endett\u00e9 \u00e0 gauche et \u00e0 droite pour collecter mon apport qui s\u2019\u00e9leva \u00e0 37% du capital. Pour lancer les travaux, il fallait une autorisation de construction. Abdelaziz La\u00e2foura, alors gouverneur d\u2019A\u00efn Seba\u00e2, refusa de nous octroyer ledit document sans donner de raisons. Agac\u00e9, j\u2019adressais une dol\u00e9ance au cabinet de feu S.M. Hassan II dans laquelle je demandais de r\u00e9examiner notre requ\u00eate. Quelques jours plus tard, je re\u00e7us un \u00e9missaire du gouverneur qui me demanda de me pr\u00e9senter illico au bureau de son patron. Je me rendis au si\u00e8ge du gouvernorat. Je n\u2019avais pas attendu longtemps avant qu\u2019on m\u2019introduise dans une grande salle \u00e0 la d\u00e9coration lugubre. Je vis le gouverneur assis dans son bureau, en train de siroter son caf\u00e9. Dans la m\u00eame pi\u00e8ce se trouvait une autre personne assise dans un fauteuil en cuir. Sans me donner l\u2019occasion de les saluer, La\u00e2foura s\u2019\u00e9cria\u00a0: \u00ab\u00a0Comment osez-vous \u00e9crire \u00e0 S.M.\u00a0? Pour qui vous vous prenez\u00a0?\u00a0\u00bb.<\/p>\n<p>\u2013 \u00ab Pour personne monsieur le gouverneur. J\u2019ai seulement demand\u00e9 un droit et je ne comprends pas pourquoi vous l\u2019aviez refus\u00e9 au d\u00e9part \u00bb.<br \/>\u2013 \u00ab Il fallait revenir vers moi pour en parler \u00bb.<br \/>\u2013 \u00ab J\u2019ai essay\u00e9, mais je n\u2019ai eu aucun interlocuteur \u00bb.<br \/>\u2013 \u00ab Vous \u00eates vraiment gonfl\u00e9\u00a0!\u00a0\u00bb.<\/p>\n<div class=\"wp-block-image\">\n<figure class=\"alignleft\"><img decoding=\"async\" loading=\"lazy\" width=\"272\" height=\"185\" src=\"https:\/\/www.challenge.ma\/wp-content\/uploads\/2021\/05\/Laafoura.jpg\" alt=\"\" class=\"wp-image-183854\"\/><figcaption>Abdelaziz La\u00e2foura, ancien gouverneur d\u2019A\u00efn Seba\u00e2<\/figcaption><\/figure>\n<\/div>\n<p>Ne voulant pas me faire du mauvais sang, je d\u00e9cidais d\u2019absorber sa provocation et ne pas r\u00e9torquer. Je me disais que pour afficher une telle col\u00e8re, on lui aurait fait passer un bon savon. La\u00e2foura prit ses grands airs. Il respira profond\u00e9ment comme s\u2019il essayait de se ressaisir, puis il prit l\u2019autorisation de construction et la jeta devant moi. Je r\u00e9cup\u00e9rais le document et me levais pour prendre cong\u00e9 d\u2019une r\u00e9union qui devenait houleuse. Je lui tendis ma main pour le saluer. Il refusa de la serrer. Je n\u2019ai pas aim\u00e9 son geste, mais je me suis calm\u00e9 en me disant\u00a0:\u00a0\u00ab Tant pis, le plus important est que j\u2019ai r\u00e9cup\u00e9r\u00e9 l\u2019autorisation\u00a0\u00bb.<\/p>\n<p>Quelques mois plus tard, je re\u00e7us une invitation sign\u00e9e par La\u00e2foura pour assister \u00e0 une c\u00e9l\u00e9bration officielle. Surpris, je d\u00e9cidais de la d\u00e9cliner. Mais je changeais d\u2019avis quand il m\u2019appela en personne et insista pour que je sois pr\u00e9sent. Son ton \u00e9tait conciliant. Son appel \u00e9tait une forme indirecte d\u2019excuse pour son attitude agressive lors de notre rencontre dans son bureau. Je me rendis \u00e0 la c\u00e9r\u00e9monie. Il m\u2019accueillit avec beaucoup d\u2019hospitalit\u00e9. Depuis ce jour, nous \u00e9tions devenus amis. Il ne rata aucune occasion pour m\u2019inviter et me consacrer une place parmi les VIP. Il m\u2019avait m\u00eame invit\u00e9 \u00e0 un voyage en \u00c9gypte au d\u00e9but des ann\u00e9es 1980 afin d\u2019assister \u00e0 une c\u00e9r\u00e9monie de jumelage entre Bouskoura et une ville \u00e9gyptienne. J\u2019avais eu de la peine pour lui en apprenant ses d\u00e9m\u00eal\u00e9s avec la justice.<\/p>\n<figure class=\"wp-block-gallery columns-1 is-cropped\">\n<ul class=\"blocks-gallery-grid\">\n<li class=\"blocks-gallery-item\">\n<figure><img decoding=\"async\" loading=\"lazy\" width=\"800\" height=\"600\" src=\"https:\/\/www.challenge.ma\/wp-content\/uploads\/2021\/05\/AFRIC-PHAR-DR.jpg\" alt=\"\" data-id=\"183857\" class=\"wp-image-183857\" srcset=\"https:\/\/www.challenge.ma\/wp-content\/uploads\/2021\/05\/AFRIC-PHAR-DR.jpg 800w, https:\/\/www.challenge.ma\/wp-content\/uploads\/2021\/05\/AFRIC-PHAR-DR-300x225.jpg 300w, https:\/\/www.challenge.ma\/wp-content\/uploads\/2021\/05\/AFRIC-PHAR-DR-768x576.jpg 768w, https:\/\/www.challenge.ma\/wp-content\/uploads\/2021\/05\/AFRIC-PHAR-DR-360x270.jpg 360w, https:\/\/www.challenge.ma\/wp-content\/uploads\/2021\/05\/AFRIC-PHAR-DR-750x563.jpg 750w\" sizes=\"auto, (max-width: 800px) 100vw, 800px\"\/><figcaption class=\"blocks-gallery-item__caption\">Le si\u00e8ge d\u2019Africphar \u00e0 A\u00efn Seba\u00e2<\/figcaption><\/figure>\n<\/li>\n<\/ul>\n<\/figure>\n<p>Les mois qui suivirent l\u2019obtention de l\u2019autorisation de construction \u00e9taient fatigants. Les r\u00e9unions de chantier \u00e9taient longues et les probl\u00e8mes \u00e0 r\u00e9gler interminables. La plupart relevaient du d\u00e9tail futile qui absorbait \u00e9nergie et temps pr\u00e9cieux. Je n\u2019avais pas le choix que de les r\u00e9gler moi-m\u00eame. En 1973, la nouvelle usine d\u2019Africphar \u00e9tait fin pr\u00eate. C\u2019\u00e9tait un petit joyau. Je me souviens toujours du bonheur exprim\u00e9 par Chaoui le jour de son inauguration. Convaincus que les probl\u00e8mes de conformit\u00e9 \u00e9taient derri\u00e8re nous, nous commencions l\u2019exploitation de la nouvelle unit\u00e9 avec beaucoup d\u2019optimisme. H\u00e9las, des probl\u00e8mes d\u2019une autre nature surgissaient. Ceux-l\u00e0 avaient \u00e0 voir avec la gestion. Omar Chaoui avait un style de management diff\u00e9rent du mien. Il \u00e9tait prudent, peu fonceur et souvent h\u00e9sitant. Tout le contraire de moi. Les semaines pass\u00e8rent et je me sentais bloqu\u00e9 chez Africphar. Nous essay\u00e2mes d\u2019accorder nos violons sur certains projets, mais nous \u00e9chou\u00e2mes \u00e0 chaque fois. Il ne m\u2019a pas fallu beaucoup de temps pour me rendre \u00e0 l\u2019\u00e9vidence que l\u2019aventure chez Africphar n\u2019attendait que son clap de fin.<\/p>\n<p><strong>Lire aussi | <a href=\"https:\/\/www.challenge.ma\/maroc-la-britannique-xlinks-va-construire-un-complexe-eolien-et-solaire-et-vendre-lelectricite-produite-au-royaume-uni-184012\/\" target=\"_blank\" rel=\"noreferrer noopener\">Maroc : la britannique Xlinks va construire un complexe \u00e9olien et solaire et vendre l\u2019\u00e9lectricit\u00e9 produite au Royaume-Uni<\/a><\/strong><\/p>\n<p>Je ressentais le besoin de prendre l\u2019avis de ma femme. En 1973, Bahia et moi formions un jeune couple plein d\u2019ambitions. \u00ab\u00a0J\u2019ai d\u00e9cid\u00e9 de quitter Africphar, lui avais-je annonc\u00e9 apr\u00e8s un d\u00eener.<\/p>\n<p>\u2013 \u00ab Est-ce mon opinion que tu veux ou juste tu m\u2019informes ? \u00bb, a-t-elle r\u00e9pondu avec sarcasme. \u00a0<br \/>\u2013 \u00ab Je veux ton avis bien s\u00fbr\u00a0! \u00bb.<br \/>\u2013 \u00ab Je suis d\u2019accord\u00a0! \u00bb.<br \/>Sa br\u00e8ve r\u00e9ponse \u00e9tait r\u00e9confortante. Elle prit un petit moment de r\u00e9flexion. Puis elle encha\u00eena.<br \/>\u2013 \u00ab Que feras-tu de tes actions\u00a0? \u00bb.<br \/>\u2013 \u00ab Elles resteront chez Africphar \u00bb.<br \/>\u2013 \u00ab Et si l\u2019envie de d\u00e9marrer une nouvelle affaire te gagne, comment comptes-tu la financer\u00a0? \u00bb.<br \/>\u2013 \u00ab Dieu m\u2019aidera\u00bb .<br \/>\u2013 \u00ab Dieu aide toujours, mais comment comptes-tu faire\u00a0? \u00bb.\u00a0<br \/>\u2013 \u00ab Je chercherai des multinationales qui voudront bien me donner des licences de repr\u00e9sentation. Avec ces cartes, j\u2019aurai le financement de n\u2019importe quelle banque \u00bb.<br \/>\u2013 \u00ab Tu veux dire que tu comptes t\u2019absenter de la maison\u00a0? \u00bb.<\/p>\n<p>Je hochais la t\u00eate en signe d\u2019approbation. Bahia baissa la t\u00eate, visiblement d\u00e9\u00e7ue. Puis elle la leva, un sourire illuminant son visage. \u00ab\u00a0Vas-y, tu as toujours fait ce qui est bien. Je suis confiante que tu r\u00e9ussiras. Puisse Allah te donner son soutien\u00a0\u00bb, a-t-elle conclu. L\u2019\u00e9nergie positive \u00e9manant des paroles de ma femme me remplit de confiance en l\u2019avenir. Apr\u00e8s cette conversation, je compris que pour une personne ambitieuse comme moi, les suggestions positives, surtout \u00e9manant d\u2019une personne qu\u2019on aime, sont une b\u00e9n\u00e9diction dont seuls les chanceux profitent. Dieu merci, avec une femme comme la mienne, je fais partie de ces rares chanceux.<\/p>\n<hr class=\"wp-block-separator\"\/>\n<p>[1] Appel\u00e9 \u00e9galement le syndrome de l\u2019autodidacte, le terme a \u00e9t\u00e9 invent\u00e9 en 1978 par Pauline Rose Clance &amp;\u00a0Suzanne Imes, deux professeurs de psychologie clinique \u00e0 la Georgia State University. D\u2019apr\u00e8s leurs travaux, 70% des personnes douteraient de la l\u00e9gitimit\u00e9 de leurs succ\u00e8s.\u00a0<\/p>\n<p>[2] Zones \u00e0 atmosph\u00e8re contr\u00f4l\u00e9e.<\/p>\n<div class=\"vw-sticky-sidebar-wrapper vw-sticky-sidebar widget_text awac-wrapper widget_text awac widget custom_html-4 textwidget custom-html-widget\">\n<p class=\"has-background c12\"><span class=\"widget-title c11\">Tribune et D\u00e9bats<\/span><\/p>\n<p>La tribune qui vous parle d\u2019une actu, d\u2019un sujet qui fait d\u00e9bat, les traite et les analyse. \u00c9conomistes et autres experts, patrons d\u2019entreprises, d\u00e9cideurs, acteurs de la soci\u00e9t\u00e9 civile, s\u2019y prononcent et contribuent \u00e0 sa grande richesse. Vous avez votre opinion, convergente ou diff\u00e9rente. Exprimez-la et mesurez-vous ainsi \u00e0 nos tribuns et d\u00e9batteurs.<\/p>\n<p>Envoyez vos analyses \u00e0 : <a href=\"\/cdn-cgi\/l\/email-protection#1e7d71706a7f7d6a5e7d767f72727b70797b30737f\"><span class=\"__cf_email__\" data-cfemail=\"a2c1cdccd6c3c1d6e2c1cac3cecec7ccc5c78ccfc3\">[email\u00a0protected]<\/span><\/a>, en pr\u00e9cisant votre nom, votre pr\u00e9nom et votre m\u00e9tier.<\/p>\n<\/div>\n<p>Auteur: challenge<br \/>\n<a href=\"https:\/\/www.challenge.ma\/mon-histoire-avec-les-medicaments-une-autobiographie-de-feu-omar-tazi-chapitre-3-183846\/\">Cliquez ici pour lire l&rsquo;article depuis sa source.<\/a><\/p>\n","protected":false},"excerpt":{"rendered":"<p>Son enfance, sa bataille contre le trust des multinationales qui dominaient le march\u00e9 des m\u00e9dicaments \u00e0 l\u2019\u00e9poque, son militantisme pour l\u2019industrie pharmaceutique marocaine, plus \u00e9panouie, innovante et comp\u00e9titive, son engagement pour un entrepreneuriat citoyen et responsable\u2026\u00ab Mon histoire avec les m\u00e9dicaments \u00bb, l\u2019autobiographie de feu Omar Tazi publi\u00e9e \u00e0 titre posthume, v\u00e9hicule des le\u00e7ons aussi [&hellip;]<\/p>\n","protected":false},"author":1787,"featured_media":0,"comment_status":"closed","ping_status":"closed","sticky":false,"template":"","format":"standard","meta":{"fifu_image_url":"https:\/\/www.challenge.ma\/wp-content\/uploads\/2021\/05\/Laafoura.jpg","fifu_image_alt":"\u00abMon histoire avec les m\u00e9dicaments\u00bb, une autobiographie de feu Omar Tazi [Chapitre 3]","footnotes":""},"categories":[78,54],"tags":[],"class_list":["post-116461","post","type-post","status-publish","format-standard","hentry","category-economie","category-maroc"],"_links":{"self":[{"href":"https:\/\/linitiative.ca\/International\/wp-json\/wp\/v2\/posts\/116461","targetHints":{"allow":["GET"]}}],"collection":[{"href":"https:\/\/linitiative.ca\/International\/wp-json\/wp\/v2\/posts"}],"about":[{"href":"https:\/\/linitiative.ca\/International\/wp-json\/wp\/v2\/types\/post"}],"author":[{"embeddable":true,"href":"https:\/\/linitiative.ca\/International\/wp-json\/wp\/v2\/users\/1787"}],"replies":[{"embeddable":true,"href":"https:\/\/linitiative.ca\/International\/wp-json\/wp\/v2\/comments?post=116461"}],"version-history":[{"count":0,"href":"https:\/\/linitiative.ca\/International\/wp-json\/wp\/v2\/posts\/116461\/revisions"}],"wp:attachment":[{"href":"https:\/\/linitiative.ca\/International\/wp-json\/wp\/v2\/media?parent=116461"}],"wp:term":[{"taxonomy":"category","embeddable":true,"href":"https:\/\/linitiative.ca\/International\/wp-json\/wp\/v2\/categories?post=116461"},{"taxonomy":"post_tag","embeddable":true,"href":"https:\/\/linitiative.ca\/International\/wp-json\/wp\/v2\/tags?post=116461"}],"curies":[{"name":"wp","href":"https:\/\/api.w.org\/{rel}","templated":true}]}}