{"id":116463,"date":"2021-05-09T17:06:13","date_gmt":"2021-05-09T21:06:13","guid":{"rendered":"https:\/\/linitiative.ca\/International\/le-groupe-nestle-revisite-le-perimetre-de-ses-activites-au-maroc\/"},"modified":"2021-05-09T17:06:13","modified_gmt":"2021-05-09T21:06:13","slug":"le-groupe-nestle-revisite-le-perimetre-de-ses-activites-au-maroc","status":"publish","type":"post","link":"https:\/\/linitiative.ca\/International\/le-groupe-nestle-revisite-le-perimetre-de-ses-activites-au-maroc\/","title":{"rendered":"Le groupe Nestl\u00e9 revisite le p\u00e9rim\u00e8tre de ses activit\u00e9s au Maroc"},"content":{"rendered":"<p><strong>Le g\u00e9ant suisse Nestl\u00e9, a-t-il entam\u00e9 un plan de r\u00e9duction de voilure au Maroc. En effet, seize mois apr\u00e8s que le Directeur G\u00e9n\u00e9ral de Nestl\u00e9 Maroc, Bruno Cicl\u00e9, a esquiv\u00e9 le sujet en bottant en touche, le leader mondial des compl\u00e9ments alimentaires, des eaux en bouteille et tant d\u2019autres produits de nutrition, vient de fermer son centre de Casanearshore.<\/strong><\/p>\n<div class=\"c10\">\n<\/div>\n<p>Aussi, Nestl\u00e9 Maghreb qui op\u00e9rait ce centre en tant que plateforme de gestion marketing et de back office pour l\u2019ensemble des activit\u00e9s du groupe Nestl\u00e9 en Afrique du nord, vient d\u2019\u00eatre liquid\u00e9e pr\u00e8s de treize ans apr\u00e8s sa cr\u00e9ation. Plusieurs postes d\u2019emploi ont \u00e9t\u00e9 purement supprim\u00e9s alors que d\u2019autres ont \u00e9t\u00e9 transf\u00e9r\u00e9s \u00e0 Nestl\u00e9 Maroc, la filiale historique qui op\u00e8re dans notre pays depuis les ann\u00e9es 20 du si\u00e8cle dernier.<\/p>\n<p><strong>Lire aussi | <a href=\"https:\/\/www.challenge.ma\/hotellerie-lisraelien-fattal-lorgne-le-maroc-183601\/\">H\u00f4tellerie : l\u2019Isra\u00e9lien Fattal lorgne le Maroc<\/a><\/strong><\/p>\n<p>A croire ceux qui avaient interpell\u00e9 en d\u00e9but 2020 la direction de Nestl\u00e9 au Maroc lors de la conf\u00e9rence pr\u00e9cit\u00e9e, le groupe dont le slogan est Grandir c\u2019est Nestl\u00e9, ne cherche plus \u00e0 faire grandir ses activit\u00e9s au Maroc, mais vise plut\u00f4t \u00e0 leur imposer une cure d\u2019amincissement. Selon ces m\u00eames voix, la prochaine \u00e9tape serait le basculement de la force de vente de Nestl\u00e9 Maroc du c\u00f4t\u00e9 des distributeurs. L\u2019avenir seul confirmera (ou pas) une telle assertion mais une chose est s\u00fbre, c\u2019est que le groupe bas\u00e9 \u00e0 Vevey r\u00e9duit sensiblement ses investissements au Maroc.\u00a0<\/p>\n<p><strong>Lire aussi | <a href=\"https:\/\/www.challenge.ma\/climat-des-affaires-la-nouvelle-feuille-de-route-sur-5-ans-document-184000\/\">Climat des affaires : la nouvelle feuille de route sur 5 ans [Document]<\/a><\/strong><\/p>\n<p>D\u2019ailleurs, la station solaire qu\u2019il vient d\u2019inaugurer sur le site de son usine d\u2019El Jadida et qui regroupe quelques 2.600 panneaux photovoltaiques, a \u00e9t\u00e9 enti\u00e8rement financ\u00e9e par son partenaire fran\u00e7ais Quadran qui a r\u00e9alis\u00e9 l\u2019investissement corr\u00e9latif de pr\u00e8s de 12 millions de dirhams, dans le cadre d\u2019un contrat de vente d\u2019\u00e9lectricit\u00e9 sur 15 ans. Une approche dite \u00ab assez light \u00bb, qui est le propre d\u2019investisseurs incertains quant \u00e0 leur pr\u00e9sence \u00e0 long terme. A suivre!<\/p>\n<p>Auteur: challenge<br \/>\n<a href=\"https:\/\/www.challenge.ma\/le-groupe-nestle-revisite-le-perimetre-de-ses-activites-au-maroc-183358\/\">Cliquez ici pour lire l&rsquo;article depuis sa source.<\/a><\/p>\n","protected":false},"excerpt":{"rendered":"<p>Le g\u00e9ant suisse Nestl\u00e9, a-t-il entam\u00e9 un plan de r\u00e9duction de voilure au Maroc. En effet, seize mois apr\u00e8s que le Directeur G\u00e9n\u00e9ral de Nestl\u00e9 Maroc, Bruno Cicl\u00e9, a esquiv\u00e9 le sujet en bottant en touche, le leader mondial des compl\u00e9ments alimentaires, des eaux en bouteille et tant d\u2019autres produits de nutrition, vient de fermer [&hellip;]<\/p>\n","protected":false},"author":1787,"featured_media":0,"comment_status":"closed","ping_status":"closed","sticky":false,"template":"","format":"standard","meta":{"fifu_image_url":"","fifu_image_alt":"","footnotes":""},"categories":[78,54],"tags":[],"class_list":["post-116463","post","type-post","status-publish","format-standard","hentry","category-economie","category-maroc"],"_links":{"self":[{"href":"https:\/\/linitiative.ca\/International\/wp-json\/wp\/v2\/posts\/116463","targetHints":{"allow":["GET"]}}],"collection":[{"href":"https:\/\/linitiative.ca\/International\/wp-json\/wp\/v2\/posts"}],"about":[{"href":"https:\/\/linitiative.ca\/International\/wp-json\/wp\/v2\/types\/post"}],"author":[{"embeddable":true,"href":"https:\/\/linitiative.ca\/International\/wp-json\/wp\/v2\/users\/1787"}],"replies":[{"embeddable":true,"href":"https:\/\/linitiative.ca\/International\/wp-json\/wp\/v2\/comments?post=116463"}],"version-history":[{"count":0,"href":"https:\/\/linitiative.ca\/International\/wp-json\/wp\/v2\/posts\/116463\/revisions"}],"wp:attachment":[{"href":"https:\/\/linitiative.ca\/International\/wp-json\/wp\/v2\/media?parent=116463"}],"wp:term":[{"taxonomy":"category","embeddable":true,"href":"https:\/\/linitiative.ca\/International\/wp-json\/wp\/v2\/categories?post=116463"},{"taxonomy":"post_tag","embeddable":true,"href":"https:\/\/linitiative.ca\/International\/wp-json\/wp\/v2\/tags?post=116463"}],"curies":[{"name":"wp","href":"https:\/\/api.w.org\/{rel}","templated":true}]}}