{"id":116468,"date":"2021-05-09T14:24:38","date_gmt":"2021-05-09T18:24:38","guid":{"rendered":"https:\/\/linitiative.ca\/International\/insecurite-et-malgouvernance-au-burkina\/"},"modified":"2021-05-09T14:24:38","modified_gmt":"2021-05-09T18:24:38","slug":"insecurite-et-malgouvernance-au-burkina","status":"publish","type":"post","link":"https:\/\/linitiative.ca\/International\/insecurite-et-malgouvernance-au-burkina\/","title":{"rendered":"INSECURITE ET MALGOUVERNANCE AU BURKINA  \u00a0"},"content":{"rendered":"<p class=\"c4\"><em>Le 7 avril dernier, Koumbri, commune de la province du Yatenga, nagu\u00e8re occup\u00e9e par les terroristes, a \u00e9t\u00e9 lib\u00e9r\u00e9e par l\u2019arm\u00e9e nationale. L\u2019aviation a \u00e9t\u00e9 mise \u00e0 contribution dans l\u2019op\u00e9ration. Et \u00e0 ce qu\u2019on dit, un nombre impressionnant de terroristes y ont \u00e9t\u00e9 neutralis\u00e9s. L\u2019arm\u00e9e m\u00e9rite donc d\u2019\u00eatre f\u00e9licit\u00e9e pour cela. Enfin, peut-on dire, une nouvelle du front qui rassure et qui permet de croire que la peur va bient\u00f4t changer v\u00e9ritablement de camp\u00a0! Car, ces derniers jours, bien des Burkinab\u00e8, au regard des perc\u00e9es et des attaques terroristes meurtri\u00e8res r\u00e9currentes au Nord et \u00e0 l\u2019Est du pays, se posaient des questions quant \u00e0 la capacit\u00e9 du gouvernement \u00e0 bouter les ing\u00e9nieurs du mal hors de nos fronti\u00e8res. La r\u00e9ponse est venue de Koumbri. Mais elle ne suffit pas pour dire que l\u2019arm\u00e9e a d\u00e9sormais l\u2019ascendant sur les terroristes. Loin de l\u00e0. Et Douma, du nom de cette localit\u00e9 du Yatenga dans la commune de Tangaye, enti\u00e8rement conquise par les terroristes qui y auraient implant\u00e9 leur sinistre drapeau, en est une preuve parmi tant d\u2019autres.<\/em><\/p>\n<p class=\"c4\"><em>\u00a0<\/em><\/p>\n<p class=\"c4\"><em>\u00a0<\/em><\/p>\n<p class=\"c6\"><strong><em>Assurer le service apr\u00e8s-vente des bombardements a\u00e9riens<\/em><\/strong><\/p>\n<p class=\"c4\"><em>\u00a0<\/em><\/p>\n<p class=\"c4\"><em>\u00a0<\/em><\/p>\n<p class=\"c4\"><em>Et sans \u00eatre un sp\u00e9cialiste des questions de strat\u00e9gies militaires, l\u2019on peut avoir l\u2019impression que les raids a\u00e9riens font mal aux terroristes. Ce furent les cas des op\u00e9rations Otapuanu, N\u2019Dofu, Koudanlgou et l\u2019on en oublie. De ce point de vue, l\u2019on peut se poser la question de savoir pourquoi l\u2019arm\u00e9e ne multiplie pas ce genre d\u2019op\u00e9rations dans sa traque aux terroristes\u00a0? Pourquoi elle n\u2019adopte pas une posture offensive dans sa lutte contre le terrorisme\u00a0? Et, pourquoi a-t-on attendu aussi longtemps avant d\u2019agir\u00a0par voie a\u00e9rienne? En tout cas, le terrorisme est ainsi fait qu\u2019il ne faut jamais lui laisser le temps de s\u2019implanter dans une localit\u00e9 et d\u2019y pousser des tentacules. Or, c\u2019est exactement ce qui est en train de se passer sous nos yeux. Une autre suggestion que l\u2019on peut prendre le risque de faire \u00e0 nos strat\u00e8ges militaires, est de les inviter \u00e0 aller au-del\u00e0 des bombardements a\u00e9riens ponctuels pour v\u00e9ritablement s\u00e9curiser les localit\u00e9s lib\u00e9r\u00e9es afin d\u2019emp\u00eacher tout retour \u00e9ventuel des terroristes, une fois que les avions ont regagn\u00e9 leur base. En tout cas, la lib\u00e9ration seulement des localit\u00e9s des griffes des terroristes \u00e0 coups de pilonnages a\u00e9riens, ne suffit pas pour convaincre les personnes d\u00e9plac\u00e9es internes de regagner leurs patelins. Il se pose donc l\u2019imp\u00e9rieuse n\u00e9cessit\u00e9 d\u2019assurer le service apr\u00e8s-vente pour autant que l\u2019on se soucie de l\u2019efficacit\u00e9 des bombardements a\u00e9riens. Mais tout cela pourrait ne pas suffire pour inverser les tendances.\u00a0 En r\u00e9alit\u00e9, la posture la plus efficace pour casser les reins aux terroristes, est de faire reposer la gouvernance du pays, sur les valeurs de l\u2019exemplarit\u00e9 des gouvernants, du patriotisme et de l\u2019int\u00e9grit\u00e9. Or, sur ce terrain, le pouvoir de Roch Marc Christian Kabor\u00e9 s\u2019illustre par des comportements dont tout laisse \u00e0 croire que l\u2019int\u00e9r\u00eat sup\u00e9rieur du pays est le cadet de ses soucis. En tout cas, certains des ministres du gouvernement donnent l\u2019impression, au regard des impairs suppos\u00e9s ou r\u00e9els qu\u2019ils commettent, qu\u2019ils ont fini de faire le requiem de l\u2019\u00e9thique et de la morale au Burkina. R\u00e9sultat\u00a0: ils ne se fixent plus aucune limite en mati\u00e8re de malversations, de d\u00e9tournements de deniers publics, d\u2019accumulations immod\u00e9r\u00e9es et illicites de richesses. Bref, le Burkina de Roch semble en train de toucher le fond en mati\u00e8re de mal-gouvernance.<\/em><\/p>\n<p class=\"c4\"><em>\u00a0<\/em><\/p>\n<p class=\"c6\"><strong><em>Le Burkina a besoin d\u2019urgence, d\u2019une th\u00e9rapie de choc<\/em><\/strong><\/p>\n<p class=\"c6\"><strong><em>\u00a0<\/em><\/strong><\/p>\n<p class=\"c4\"><em>Sous Blaise Compaor\u00e9, il y avait la mal-gouvernance. Et ceux et celles qui en profitaient pour se \u00ab\u00a0sucrer\u00a0\u00bb, \u00e9taient un grand nombre et ils ne se recrutaient pas seulement dans l\u2019entourage du pr\u00e9sident. Blaise avait fait sciemment ce choix pour que les uns et les autres se contentent de \u00a0boire le lait et s\u2019abstiennent de compter les vaches et les veaux. Sous le soleil de Roch, le fond de la mal-gouvernance de Blaise demeure. C\u2019est la forme qui a subi deux retouches. La premi\u00e8re retouche est li\u00e9e au fait que ce sont exclusivement les proches et les amis du pr\u00e9sident qui sont autoris\u00e9s \u00e0 jouir des biens de la R\u00e9publique. Ce sont les privil\u00e9gi\u00e9s. L\u2019autre retouche apport\u00e9e par Roch est que ces pr\u00e9dateurs ont d\u00e9velopp\u00e9 l\u2019art de bien voler. Et comme s\u2019ils voulaient insulter l\u2019intelligence des Burkinab\u00e8, ils affichent tr\u00e8s souvent des apparences de parangon de la vertu. Ils oublient par l\u00e0 que nous sommes dans un pays de savane o\u00f9 tout se sait et se voit. C\u2019est le lieu de rendre hommage aux m\u00e9dias d\u2019investigation gr\u00e2ce auxquels les basses \u0153uvres du r\u00e9gime de Roch sont r\u00e9guli\u00e8rement mises \u00e0 l\u2019index. Si ces m\u00e9dias n\u2019avaient pas lev\u00e9 les li\u00e8vres, on peut se demander ce que serait le Burkina aujourd\u2019hui. \u00a0\u00a0Le pays aurait eu probablement la palme d\u2019or du pays le plus corrompu d\u2019Afrique, actuellement d\u00e9tenue par le\u00a0 Cameroun. Et pour ne rien arranger, en 2025, le pr\u00e9sident qui sortira des urnes, risque d\u2019\u00eatre de l\u2019\u00e9curie de Roch. Et il aura eu le temps d\u2019apprendre \u00e0 l\u2019\u00e9cole de Roch, c\u2019est-\u00e0-dire l\u2019\u00e9cole des d\u00e9tournements soft, de la promotion de la politique des coquins et des copains et l\u2019on en oublie. Dans ces conditions, il est difficile voire impossible de gagner la guerre contre le terrorisme. Thomas Sankara avait r\u00e9ussi \u00e0 mobiliser l\u2019ensemble du peuple burkinab\u00e8 pendant la guerre de 1985. Car, Sankara montrait la voie, la bonne pour sauver le pays si fait que bien des Burkinab\u00e8 se sentaient concern\u00e9s par la guerre de\u00a0 No\u00ebl. Et cela galvanisait l\u2019arm\u00e9e. Aujourd\u2019hui, bien des Burkinab\u00e8 font l\u2019amer constat que \u00ab\u00a0le plus rien ne sera comme avant\u00a0\u00bb, \u00a0n\u2019a finalement \u00e9t\u00e9 qu\u2019une grosse arnaque. C\u2019est la course \u00e0 l\u2019enrichissement illicite au moment m\u00eame o\u00f9 le Burkinab\u00e8 lambda est contraint de se serrer la ceinture. Pour toutes ces raisons, Roch gagnerait \u00e0 se secouer et \u00e0 secouer le cocotier de sorte \u00e0 se remettre en cause et \u00e0 assainir v\u00e9ritablement son entourage. Les structures de contr\u00f4le de l\u2019Etat doivent le pousser \u00e0 aller dans ce sens. Car, l\u2019enjeu ici, c\u2019est le pr\u00e9sent et l\u2019avenir du Burkina. D\u00e9j\u00e0, tous ceux qui sont \u00e9pris de bonne gouvernance, doivent ouvrir l\u2019\u0153il et le bon de sorte \u00e0 emp\u00eacher qu\u2019un homme-lige du r\u00e9gime ne prenne la succession de Luc Marius Ibriga \u00e0 la t\u00eate de l\u2019ASCE\/LC quand ce dernier finira son mandat. De mani\u00e8re g\u00e9n\u00e9rale, le Burkina a besoin d\u2019urgence, d\u2019une th\u00e9rapie de choc pour rompre avec les mauvaises pratiques.<\/em><\/p>\n<p class=\"c4\"><em>\u00a0<\/em><\/p>\n<p class=\"c6\"><strong><em>\u00ab\u00a0Le Pays\u00a0\u00bb<\/em><\/strong><\/p>\n<p>Auteur: Editions LEPAYS<br \/>\n<a href=\"https:\/\/lepays.bf\/insecurite-et-malgouvernance-au-burkina\/\">Cliquez ici pour lire l&rsquo;article depuis sa source.<\/a><\/p>\n","protected":false},"excerpt":{"rendered":"<p>Le 7 avril dernier, Koumbri, commune de la province du Yatenga, nagu\u00e8re occup\u00e9e par les terroristes, a \u00e9t\u00e9 lib\u00e9r\u00e9e par l\u2019arm\u00e9e nationale. L\u2019aviation a \u00e9t\u00e9 mise \u00e0 contribution dans l\u2019op\u00e9ration. Et \u00e0 ce qu\u2019on dit, un nombre impressionnant de terroristes y ont \u00e9t\u00e9 neutralis\u00e9s. L\u2019arm\u00e9e m\u00e9rite donc d\u2019\u00eatre f\u00e9licit\u00e9e pour cela. Enfin, peut-on dire, une [&hellip;]<\/p>\n","protected":false},"author":1813,"featured_media":0,"comment_status":"closed","ping_status":"closed","sticky":false,"template":"","format":"standard","meta":{"fifu_image_url":"","fifu_image_alt":"","footnotes":""},"categories":[73,81],"tags":[],"class_list":["post-116468","post","type-post","status-publish","format-standard","hentry","category-actualite","category-burkina-faso"],"_links":{"self":[{"href":"https:\/\/linitiative.ca\/International\/wp-json\/wp\/v2\/posts\/116468","targetHints":{"allow":["GET"]}}],"collection":[{"href":"https:\/\/linitiative.ca\/International\/wp-json\/wp\/v2\/posts"}],"about":[{"href":"https:\/\/linitiative.ca\/International\/wp-json\/wp\/v2\/types\/post"}],"author":[{"embeddable":true,"href":"https:\/\/linitiative.ca\/International\/wp-json\/wp\/v2\/users\/1813"}],"replies":[{"embeddable":true,"href":"https:\/\/linitiative.ca\/International\/wp-json\/wp\/v2\/comments?post=116468"}],"version-history":[{"count":0,"href":"https:\/\/linitiative.ca\/International\/wp-json\/wp\/v2\/posts\/116468\/revisions"}],"wp:attachment":[{"href":"https:\/\/linitiative.ca\/International\/wp-json\/wp\/v2\/media?parent=116468"}],"wp:term":[{"taxonomy":"category","embeddable":true,"href":"https:\/\/linitiative.ca\/International\/wp-json\/wp\/v2\/categories?post=116468"},{"taxonomy":"post_tag","embeddable":true,"href":"https:\/\/linitiative.ca\/International\/wp-json\/wp\/v2\/tags?post=116468"}],"curies":[{"name":"wp","href":"https:\/\/api.w.org\/{rel}","templated":true}]}}