{"id":116469,"date":"2021-05-09T14:28:44","date_gmt":"2021-05-09T18:28:44","guid":{"rendered":"https:\/\/linitiative.ca\/International\/repression-dune-manifestation-pacifique-au-tchad\/"},"modified":"2021-05-09T14:28:44","modified_gmt":"2021-05-09T18:28:44","slug":"repression-dune-manifestation-pacifique-au-tchad","status":"publish","type":"post","link":"https:\/\/linitiative.ca\/International\/repression-dune-manifestation-pacifique-au-tchad\/","title":{"rendered":"REPRESSION D\u2019UNE MANIFESTATION PACIFIQUE AU TCHAD  \u00a0"},"content":{"rendered":"<p class=\"c4\"><em>La vague contestataire de la coalition Wakit Tama (\u2018\u2019l\u2019heure est arriv\u00e9e\u2019\u2019, en arabe local du Tchad) a encore charri\u00e9 les militants de l\u2019opposition dans les rues de Ndjamena, samedi dernier, pour des manifestations contre le Conseil militaire de \u00a0Transition (CMT) mis en place au lendemain de la disparition aussi brusque qu\u2019\u00e9nigmatique de l\u2019ancien pr\u00e9sident Idriss Deby Itno. Ces manifestations d\u2019abord interdites puis tol\u00e9r\u00e9es in extremis, ont \u00e9t\u00e9 tr\u00e8s vite \u00e9touff\u00e9es dans l\u2019\u0153uf, \u00a0par des \u00e9l\u00e9ments de la police munis de gaz lacrymog\u00e8nes et pour certains d\u2019entre eux, d\u2019armes \u00e0 feu, qui n\u2019ont pas l\u00e9sin\u00e9 sur leurs moyens r\u00e9pressifs pour disperser les regroupements \u00a0\u00e9pars constat\u00e9s tr\u00e8s t\u00f4t dans les quartiers de Ndjamena r\u00e9put\u00e9s acquis \u00e0 la cause de l\u2019opposition politique et de la soci\u00e9t\u00e9 civile. Le moins qu\u2019on puisse dire, c\u2019est qu\u2019il y a eu plus d\u2019agents des forces de l\u2019ordre et de grenades lacrymog\u00e8nes que de manifestants, le 8 mai dernier, dans la capitale tchadienne et dans d\u2019autres villes du pays, \u00e0 cause non seulement de la peur, du reste, justifi\u00e9e que suscite l\u2019important dispositif s\u00e9curitaire mis en place par les autorit\u00e9s de la Transition, mais aussi du retrait tacite de l\u2019UNDR de Saleh Kebzabo et du PLP de Mahamat Ahmat Alhabo de la coalition depuis que ces derniers qui \u00e9taient les plus gros pourvoyeurs de troupes du mouvement, ont d\u00e9cid\u00e9 de participer au gouvernement form\u00e9 par le Premier ministre Albert Pahimi Padack\u00e9. De ce conglom\u00e9rat donc de partis politiques et d\u2019associations de la soci\u00e9t\u00e9 civile qui fait du retour \u00e0 l\u2019ordre constitutionnel, son cheval de bataille, il ne reste plus, pour ainsi dire, que la portion congrue qui compte d\u00e9sormais sur le parti \u2018\u2019Les Transformateurs\u2019\u2019 de Succ\u00e8s Masra et sur la Ligue tchadienne des droits de l\u2019Homme pr\u00e9sid\u00e9e par l\u2019avocat Max Loalngar, pour faire bouger les lignes apparemment tr\u00e8s rigides du CMT.<\/em><\/p>\n<p class=\"c4\"><em>\u00a0<\/em><\/p>\n<p class=\"c6\"><strong><em>C\u2019est la politique du ch\u00e8que et du choc qui sera visiblement perp\u00e9tu\u00e9e<\/em><\/strong><\/p>\n<p class=\"c4\"><em>\u00a0<\/em><\/p>\n<p class=\"c4\"><em>On comprend donc pourquoi la manifestation du samedi dernier a fait flop, au grand bonheur du G\u00e9n\u00e9ral Mahamat Idriss Deby qui cherche encore ses marques dans le nouveau r\u00f4le qui est le sien, surtout que la r\u00e9bellion arm\u00e9e, \u00e0 ce qu\u2019on sache, n\u2019a pas encore tir\u00e9 sa derni\u00e8re cartouche. En tout \u00e9tat de cause, la faible mobilisation constat\u00e9e lors de cette derni\u00e8re marche, est un bien mauvais signe pour la suite des \u00e9v\u00e9nements en cours au Tchad. Car, les nouvelles autorit\u00e9s qui ont mal \u00e0 leur l\u00e9gitimit\u00e9, pourraient profiter de ce rapport de forces qui, pour le moment,\u00a0 leur est favorable, pour muscler davantage le discours et la r\u00e9pression \u00e0 l\u2019encontre de tous ceux qui tenteraient de s\u2019opposer \u00e0 leur dessein\u00a0: celui de mettre le pays sous coupe r\u00e9gl\u00e9e, comme l\u2019avait fait Idriss Deby Itno, trente ans durant. Si l\u2019on en juge par le discours agressif et la cacophonie communicationnelle du gouvernement Padack\u00e9, on peut dire que les portes de l\u2019enfer ne se refermeront pas pour les Tchadiens, du moins aussi longtemps que la transition militaire continuera \u00e0 d\u00e9ployer dans les rues quasiment d\u00e9sert\u00e9es de Ndjamena, des dizaines de Toyota bourr\u00e9es d\u2019hommes arm\u00e9s visiblement pr\u00eats \u00e0 appuyer sur la g\u00e2chette au moindre d\u00e9bordement. En moins d\u2019un mois d\u2019exercice du pouvoir, le nouveau r\u00e9gime a d\u00e9j\u00e0 montr\u00e9, \u00e0 ceux qui en doutent encore, de quoi il est capable en mati\u00e8re de r\u00e9pression et de violation de droits individuels et collectifs, et la dizaine de morts ainsi que les centaines de bless\u00e9s et de prisonniers pourraient m\u00eame \u00eatre anecdotiques si la communaut\u00e9 internationale et le marionnettiste Emmanuel Macron ne crient pas rapidement haro sur le baudet. Il y va avant tout de l\u2019int\u00e9r\u00eat du Tchad, qui court un risque \u00e9norme d\u2019implosion en tant qu\u2019Etat avec ces dirigeants de pacotille qui pensent pouvoir tenir le pays en laisse, en \u00e9touffant le m\u00e9contentement social et en muselant les opinions dissidentes par la violence, comme savait le faire Idriss Deby Itno. Malheureusement, avec la composition du nouveau gouvernement, tout indique qu\u2019on en prend le chemin avec la priorit\u00e9 donn\u00e9e \u00e0 la s\u00e9curit\u00e9 au d\u00e9triment des libert\u00e9s individuelles, l\u2019int\u00e9gration \u00e0 l\u2019\u00e9quipe de tous ceux qui avaient quitt\u00e9 le p\u00e8re avec fracas et des bleus \u00e0 l\u2019\u00e2me, l\u2019appel du pied fait \u00e0 ceux, civils comme militaires, qui peuvent pr\u00e9tendre \u00e0 une place sur le podium des plus fid\u00e8les \u00e0 l\u2019ancien pr\u00e9sident, et enfin, l\u2019invitation \u00e0 la mangeoire de ceux qui, il n\u2019y a pas longtemps, b\u00ealaient avec les agneaux et qui ont donn\u00e9 leur accord pour composer avec les loups au nom de leurs int\u00e9r\u00eats individuels\u00a0 et \u00e9go\u00efstes. C\u2019est cette politique du ch\u00e8que et du choc dont Idriss Deby \u00e9tait friand, qui sera visiblement perp\u00e9tu\u00e9e, et il en sera ainsi tant que la puissance tut\u00e9laire qu\u2019est la France, va continuer \u00e0 abreuver les Tchadiens de discours condescendants et paternalistes du genre, \u00ab\u00a0La France ne laissera personne remettre en cause ni menacer la stabilit\u00e9 et l\u2019int\u00e9grit\u00e9 du Tchad\u00a0\u00bb.<\/em><\/p>\n<p class=\"c4\"><em>\u00a0<\/em><\/p>\n<p class=\"c6\"><strong><em>Hamadou GADIAGA<\/em><\/strong><\/p>\n<p>Auteur: Editions LEPAYS<br \/>\n<a href=\"https:\/\/lepays.bf\/repression-dune-manifestation-pacifique-au-tchad\/\">Cliquez ici pour lire l&rsquo;article depuis sa source.<\/a><\/p>\n","protected":false},"excerpt":{"rendered":"<p>La vague contestataire de la coalition Wakit Tama (\u2018\u2019l\u2019heure est arriv\u00e9e\u2019\u2019, en arabe local du Tchad) a encore charri\u00e9 les militants de l\u2019opposition dans les rues de Ndjamena, samedi dernier, pour des manifestations contre le Conseil militaire de \u00a0Transition (CMT) mis en place au lendemain de la disparition aussi brusque qu\u2019\u00e9nigmatique de l\u2019ancien pr\u00e9sident Idriss [&hellip;]<\/p>\n","protected":false},"author":1813,"featured_media":0,"comment_status":"closed","ping_status":"closed","sticky":false,"template":"","format":"standard","meta":{"fifu_image_url":"","fifu_image_alt":"","footnotes":""},"categories":[73,81],"tags":[],"class_list":["post-116469","post","type-post","status-publish","format-standard","hentry","category-actualite","category-burkina-faso"],"_links":{"self":[{"href":"https:\/\/linitiative.ca\/International\/wp-json\/wp\/v2\/posts\/116469","targetHints":{"allow":["GET"]}}],"collection":[{"href":"https:\/\/linitiative.ca\/International\/wp-json\/wp\/v2\/posts"}],"about":[{"href":"https:\/\/linitiative.ca\/International\/wp-json\/wp\/v2\/types\/post"}],"author":[{"embeddable":true,"href":"https:\/\/linitiative.ca\/International\/wp-json\/wp\/v2\/users\/1813"}],"replies":[{"embeddable":true,"href":"https:\/\/linitiative.ca\/International\/wp-json\/wp\/v2\/comments?post=116469"}],"version-history":[{"count":0,"href":"https:\/\/linitiative.ca\/International\/wp-json\/wp\/v2\/posts\/116469\/revisions"}],"wp:attachment":[{"href":"https:\/\/linitiative.ca\/International\/wp-json\/wp\/v2\/media?parent=116469"}],"wp:term":[{"taxonomy":"category","embeddable":true,"href":"https:\/\/linitiative.ca\/International\/wp-json\/wp\/v2\/categories?post=116469"},{"taxonomy":"post_tag","embeddable":true,"href":"https:\/\/linitiative.ca\/International\/wp-json\/wp\/v2\/tags?post=116469"}],"curies":[{"name":"wp","href":"https:\/\/api.w.org\/{rel}","templated":true}]}}