{"id":116470,"date":"2021-05-09T16:52:16","date_gmt":"2021-05-09T20:52:16","guid":{"rendered":"https:\/\/linitiative.ca\/International\/affaire-pazani-nous-avons-rendu-officielle-une-decision-concertee-ministre-clement-sawadogo\/"},"modified":"2021-05-09T16:52:16","modified_gmt":"2021-05-09T20:52:16","slug":"affaire-pazani-nous-avons-rendu-officielle-une-decision-concertee-ministre-clement-sawadogo","status":"publish","type":"post","link":"https:\/\/linitiative.ca\/International\/affaire-pazani-nous-avons-rendu-officielle-une-decision-concertee-ministre-clement-sawadogo\/","title":{"rendered":"Affaire Pazani  : \u00ab Nous avons rendu officielle  une d\u00e9cision concert\u00e9e \u00bb, ministre Cl\u00e9ment Sawadogo"},"content":{"rendered":"<div class=\"td-post-featured-image\"><a href=\"https:\/\/www.sidwaya.info\/wp-content\/uploads\/2021\/05\/1-5.jpg\" data-caption=\"\"><img loading=\"lazy\" decoding=\"async\" width=\"595\" height=\"297\" class=\"entry-thumb td-modal-image\" src=\"https:\/\/www.sidwaya.info\/wp-content\/uploads\/2021\/05\/1-5.jpg\" srcset=\"https:\/\/www.sidwaya.info\/wp-content\/uploads\/2021\/05\/1-5.jpg 595w, https:\/\/www.sidwaya.info\/wp-content\/uploads\/2021\/05\/1-5-300x150.jpg 300w, https:\/\/www.sidwaya.info\/wp-content\/uploads\/2021\/05\/1-5-150x75.jpg 150w\" sizes=\"auto, (max-width: 595px) 100vw, 595px\" alt=\"\" title=\"1\"\/><\/a><\/div>\n<p><strong>En marge de la c\u00e9r\u00e9monie de pose de la premi\u00e8re pierre de la caserne des sapeurs-pompiers de Gaoua, le ministre d\u2019Etat, ministre de l\u2019Administration territoriale et de la d\u00e9centralisation, Pegdwend\u00e9 Cl\u00e9ment Sawadogo a donn\u00e9 des pr\u00e9cisions sur l\u2019affaire de la mosqu\u00e9e d\u00e9truite \u00e0 Pazani dans l\u2019arrondissement 9 de Ouagadougou.<\/strong><\/p>\n<p>Le 6 mai dernier, le minist\u00e8re de l\u2019Administration territoriale et de la d\u00e9centralisation publiait un communiqu\u00e9 qui attribue le terrain litigieux de Pazani dans l\u2019arrondissement 9 de Ouagadougou \u00e0 la F\u00e9d\u00e9ration des associations islamiques du Burkina (FAIB). Une d\u00e9cision qui a suscit\u00e9 plusieurs r\u00e9actions sur les r\u00e9seaux sociaux mais aussi de politiques et du monde judiciaire. Certains qualifiant la d\u00e9cision n\u2019inacceptable dans un Etat de droit. Pour justifier son acte, le ministre d\u2019Etat, ministre de l\u2019Administration territoriale et de la d\u00e9centralisation, Pegwend\u00e9 Cl\u00e9ment Sawadogo a fait la gen\u00e8se de l\u2019affaire.<\/p>\n<p>\u00ab Jacques Ou\u00e9draogo a \u00e9t\u00e9 attributaire d\u2019un terrain qu\u2019il a demand\u00e9 au sein de l\u2019arrondissement 9 et il l\u2019a obtenu par arr\u00eat\u00e9 d\u2019attribution provisoire. Au m\u00eame moment, Moussa Guigma qui lorgnait \u00e9galement le m\u00eame terrain, avait d\u00e9pos\u00e9 sa demande mais n\u2019a pas eu d\u2019accord. Il n\u2019a donc aucun papier d\u2019attribution. Mais il s\u2019est mis \u00e0 r\u00e9aliser des infrastructures notamment une mosqu\u00e9e et une \u00e9cole \u00bb, a expliqu\u00e9 le ministre Sawadogo. Constatant que quelqu\u2019un construisait sur son terrain, a-t-il poursuivi, M. Ou\u00e9draogo est all\u00e9 se plaindre en justice qui lui a donn\u00e9 raison en confirmant qu\u2019il est propri\u00e9taire et ordonn\u00e9 le d\u00e9guerpissement des infrastructures ensuite la destruction. Selon le ministre, \u00e0 la suite de l\u2019ex\u00e9cution de cette d\u00e9cision de justice, il y a eu des remous dans la zone parce que certains ont estim\u00e9 qu\u2019il n\u2019\u00e9tait pas normal qu\u2019une mosqu\u00e9e soit d\u00e9truite. \u00ab On courait une grave crise interreligieuse parce que certains disaient que M. Ou\u00e9draogo est un pasteur, ce qui s\u2019est av\u00e9r\u00e9 faux. Un comit\u00e9 des jeunes musulmans promettaient de mener des repr\u00e9sailles contre des \u00e9glises \u00bb, a confi\u00e9 Pegwend\u00e9 Cl\u00e9ment Sawadogo. C\u2019est pourquoi, a-t-il dit, le gouvernement \u00e9tait oblig\u00e9 d\u2019intervenir pour calmer et emp\u00eacher la crise. A cet effet, des leaders religieux se sont impliqu\u00e9s pour apaiser l\u2019atmosph\u00e8re. A l\u2019\u00e9couter, c\u2019est dans les concertations et la recherche de conciliation qu\u2019il y a eu des n\u00e9gociations et Jacques Ou\u00e9draogo a accept\u00e9 de se d\u00e9faire volontairement de sa propri\u00e9t\u00e9 moyennant compensation par un autre terrain sur un autre site. \u00ab Cette acceptation a \u00e9t\u00e9 mat\u00e9rialis\u00e9e par un document sign\u00e9 par l\u2019int\u00e9ress\u00e9, les leaders religieux et le ministre de l\u2019administration territoriale \u00bb, a soutenu le ministre d\u2019Etat. Pour lui, le communiqu\u00e9 du gouvernement a consist\u00e9 \u00e0 rendre officielle la d\u00e9cision concert\u00e9e.<\/p>\n<p>\u00ab L\u2019attribution du terrain \u00e0 la FAIB vise \u00e0 conforter l\u2019apaisement parce que pour nous, il ne pouvait pas \u00eatre attribu\u00e9 \u00e0 Moussa Guigma. Je rassure le pouvoir judiciaire que le gouvernement ne nourrit aucunement l\u2019intention de mettre en cause les d\u00e9cisions de justice ni le pouvoir judiciaire \u00bb, a-t-il soutenu. Sur la question de savoir si cette d\u00e9cision ne va pas cr\u00e9er un pr\u00e9c\u00e9dent, le chef du d\u00e9partement de la d\u00e9centralisation a r\u00e9pondu par la n\u00e9gative parce que des pr\u00e9cautions ont \u00e9t\u00e9 prises.<\/p>\n<p class=\"c1\"><strong>Joseph HARO<\/strong><\/p>\n<div class=\"td-a-rec td-a-rec-id-content_bottom tdi_33_3ec td_block_template_1\">\n<p><img loading=\"lazy\" decoding=\"async\" class=\"aligncenter size-full wp-image-27454\" src=\"https:\/\/www.sidwaya.info\/wp-content\/uploads\/2020\/10\/PUB-Bandeau-paiement-mobile-siteweb.jpg\" alt=\"\" width=\"728\" height=\"90\"\/><\/div>\n<p>Auteur: BM. Sidwaya<br \/>\n<a href=\"https:\/\/www.sidwaya.info\/blog\/2021\/05\/09\/affaire-pazani-nous-avons-rendu-officielle-une-decision-concertee-ministre-clement-sawadogo\/\">Cliquez ici pour lire l&rsquo;article depuis sa source.<\/a><\/p>\n","protected":false},"excerpt":{"rendered":"<p>En marge de la c\u00e9r\u00e9monie de pose de la premi\u00e8re pierre de la caserne des sapeurs-pompiers de Gaoua, le ministre d\u2019Etat, ministre de l\u2019Administration territoriale et de la d\u00e9centralisation, Pegdwend\u00e9 Cl\u00e9ment Sawadogo a donn\u00e9 des pr\u00e9cisions sur l\u2019affaire de la mosqu\u00e9e d\u00e9truite \u00e0 Pazani dans l\u2019arrondissement 9 de Ouagadougou. Le 6 mai dernier, le minist\u00e8re [&hellip;]<\/p>\n","protected":false},"author":1816,"featured_media":0,"comment_status":"closed","ping_status":"closed","sticky":false,"template":"","format":"standard","meta":{"fifu_image_url":"https:\/\/www.sidwaya.info\/wp-content\/uploads\/2021\/05\/1-5.jpg","fifu_image_alt":"Affaire Pazani  : \u00ab Nous avons rendu officielle  une d\u00e9cision concert\u00e9e \u00bb, ministre Cl\u00e9ment Sawadogo","footnotes":""},"categories":[73,81],"tags":[],"class_list":["post-116470","post","type-post","status-publish","format-standard","hentry","category-actualite","category-burkina-faso"],"_links":{"self":[{"href":"https:\/\/linitiative.ca\/International\/wp-json\/wp\/v2\/posts\/116470","targetHints":{"allow":["GET"]}}],"collection":[{"href":"https:\/\/linitiative.ca\/International\/wp-json\/wp\/v2\/posts"}],"about":[{"href":"https:\/\/linitiative.ca\/International\/wp-json\/wp\/v2\/types\/post"}],"author":[{"embeddable":true,"href":"https:\/\/linitiative.ca\/International\/wp-json\/wp\/v2\/users\/1816"}],"replies":[{"embeddable":true,"href":"https:\/\/linitiative.ca\/International\/wp-json\/wp\/v2\/comments?post=116470"}],"version-history":[{"count":0,"href":"https:\/\/linitiative.ca\/International\/wp-json\/wp\/v2\/posts\/116470\/revisions"}],"wp:attachment":[{"href":"https:\/\/linitiative.ca\/International\/wp-json\/wp\/v2\/media?parent=116470"}],"wp:term":[{"taxonomy":"category","embeddable":true,"href":"https:\/\/linitiative.ca\/International\/wp-json\/wp\/v2\/categories?post=116470"},{"taxonomy":"post_tag","embeddable":true,"href":"https:\/\/linitiative.ca\/International\/wp-json\/wp\/v2\/tags?post=116470"}],"curies":[{"name":"wp","href":"https:\/\/api.w.org\/{rel}","templated":true}]}}