{"id":116471,"date":"2021-05-09T16:54:23","date_gmt":"2021-05-09T20:54:23","guid":{"rendered":"https:\/\/linitiative.ca\/International\/le-prix-de-lengagement\/"},"modified":"2021-05-09T16:54:23","modified_gmt":"2021-05-09T20:54:23","slug":"le-prix-de-lengagement","status":"publish","type":"post","link":"https:\/\/linitiative.ca\/International\/le-prix-de-lengagement\/","title":{"rendered":"Le prix de l\u2019engagement"},"content":{"rendered":"<div class=\"td-post-featured-image\"><a href=\"https:\/\/www.sidwaya.info\/wp-content\/uploads\/2021\/04\/1-62.jpg\" data-caption=\"\"><img loading=\"lazy\" decoding=\"async\" width=\"612\" height=\"437\" class=\"entry-thumb td-modal-image\" src=\"https:\/\/www.sidwaya.info\/wp-content\/uploads\/2021\/04\/1-62.jpg\" srcset=\"https:\/\/www.sidwaya.info\/wp-content\/uploads\/2021\/04\/1-62.jpg 612w, https:\/\/www.sidwaya.info\/wp-content\/uploads\/2021\/04\/1-62-300x214.jpg 300w, https:\/\/www.sidwaya.info\/wp-content\/uploads\/2021\/04\/1-62-150x107.jpg 150w, https:\/\/www.sidwaya.info\/wp-content\/uploads\/2021\/04\/1-62-588x420.jpg 588w, https:\/\/www.sidwaya.info\/wp-content\/uploads\/2021\/04\/1-62-100x70.jpg 100w\" sizes=\"auto, (max-width: 612px) 100vw, 612px\" alt=\"\" title=\"1\"\/><\/a><\/div>\n<p>Il n\u2019y a pas eu de tr\u00eave. Le mois sacr\u00e9 du Ramadan a \u00e9t\u00e9 particuli\u00e8rement \u00e9prouvant sur le plan s\u00e9curitaire au Burkina Faso. Les deux derni\u00e8res semaines ont \u00e9t\u00e9 tr\u00e8s sanglantes, au point d\u2019\u00e9branler la confiance des citoyens quant \u00e0 la capacit\u00e9 des autorit\u00e9s \u00e0 prot\u00e9ger v\u00e9ritablement les populations, \u00e0 en juger par les nombreuses r\u00e9actions. L\u2019embuscade du 21 avril 2021 \u00e0 Yirgou, les attaques quelques jours plus tard de Yatakou 2 et sur l\u2019axe Fada-Pama o\u00f9 trois Occidentaux ont p\u00e9ri et plus r\u00e9cemment celles des hameaux de culture de Kodyel dans la province de la Komondjari ayant fait une trentaine de victimes, attestent que la situation s\u00e9curitaire reste tr\u00e8s erratique, oscillant entre des accalmies relatives et des d\u00e9veloppements meurtriers. Quand une attaque est perp\u00e9tr\u00e9e, l\u2019on se demande pourquoi telle ou telle localit\u00e9 est vis\u00e9e. Pourquoi donc Kodyel? Selon certaines sources, ce village paye, \u00e0 l\u2019image d\u2019autres de la r\u00e9gion de l\u2019Est, de l\u2019engagement de sa population \u00e0 \u00e9radiquer le terrorisme en collaboration avec les Forces de d\u00e9fense et de s\u00e9curit\u00e9 (FDS). Rompant ainsi l\u2019omerta qui lui valait, en retour, d\u2019\u00eatre \u00e9pargn\u00e9e par les affres des Individus arm\u00e9s non identifi\u00e9s (IANI).<\/p>\n<p>Si \u00ab\u00a0la mobilisation g\u00e9n\u00e9rale\u00a0\u00bb et populaire contre le terrorisme lanc\u00e9e par le pr\u00e9sident du Faso \u00e0 travers le recrutement de Volontaires pour la d\u00e9fense de la patrie (VDP) dans les zones en proie aux attaques, a \u00e9t\u00e9 salu\u00e9e, force est de constater qu\u2019aujourd\u2019hui les cons\u00e9quences de probables \u00ab\u00a0erreurs de casting\u00a0\u00bb dans la mise en \u0153uvre de l\u2019initiative sont en train de faire surface dans certaines zones. Sur le terrain, une nette confusion qui n\u2019est pas sans rappeler le cas des milices communautaires du Centre du Mali, s\u2019observe dans certaines localit\u00e9s\u00a0 entre les VDP et des IANI.<br \/>C\u2019est dire que les effets secondaires de la \u00ab\u00a0potion\u00a0\u00bb VDP sont palpables \u00e0 certains endroits et la donne s\u00e9curitaire s\u2019y trouve encore plus complexe.<\/p>\n<p>Au constat, le pays fait de moins en moins face \u00e0 des \u00ab\u00a0assaillants\u00a0\u00bb venus de l\u2019autre c\u00f4t\u00e9 des fronti\u00e8res. Les d\u00e9rives et exactions r\u00e9pr\u00e9hensibles pendantes combin\u00e9es \u00e0 l\u2019apathie de l\u2019appareil judiciaire nourrissent localement le cycle des attaques cibl\u00e9es aussi bien au Sahel, au Nord qu\u2019au Centre-Nord. Plus de 200 volontaires sont tomb\u00e9s sur le champ d\u2019honneur selon certaines ONG et cela est plus qu\u2019interpellateur. Sans attendre la crise des vocations, il y a lieu d\u2019assumer, sans faux fuyant, les insuffisances op\u00e9rationnelles d\u2019une initiative salvatrice et d\u2019apporter les correctifs n\u00e9cessaires \u00e0 une plus grande efficacit\u00e9 des VDP. Toute autre tentative de mise \u00e0 l\u2019index de responsables politico-militaires ou civils serait, non seulement contre-productive, mais aussi pr\u00e9judiciable \u00e0 l\u2019union sacr\u00e9e contre l\u2019hydre terroriste. Aussi une urgente clarification s\u2019impose-t-elle vis-\u00e0-vis des VDP engag\u00e9s dans la d\u00e9fense du territoire. De qui r\u00e9pondent-ils\u00a0? Entre les initiatives locales de n\u00e9gociations avec les IANI, prescrivant la temp\u00e9rance des jeunes gens et des FDS aux c\u00f4t\u00e9s desquels ces derniers se battent et un retour v\u00e9ritable de la paix, il y a bien loin de la coupe aux l\u00e8vres.<\/p>\n<p>Oui au retour de la qui\u00e9tude mais veillons \u00e0 ce que tous les acteurs jouent franc-jeu.<\/p>\n<p class=\"c1\"><strong>Par Mahamadi TIEGNA<\/strong><br \/><strong>mahamaditiegna@yahoo.fr<\/strong><\/p>\n<div class=\"td-a-rec td-a-rec-id-content_bottom tdi_33_bb6 td_block_template_1\">\n<p><img loading=\"lazy\" decoding=\"async\" class=\"aligncenter size-full wp-image-27454\" src=\"https:\/\/www.sidwaya.info\/wp-content\/uploads\/2020\/10\/PUB-Bandeau-paiement-mobile-siteweb.jpg\" alt=\"\" width=\"728\" height=\"90\"\/><\/div>\n<p>Auteur: BM. Sidwaya<br \/>\n<a href=\"https:\/\/www.sidwaya.info\/blog\/2021\/05\/09\/le-prix-de-lengagement\/\">Cliquez ici pour lire l&rsquo;article depuis sa source.<\/a><\/p>\n","protected":false},"excerpt":{"rendered":"<p>Il n\u2019y a pas eu de tr\u00eave. Le mois sacr\u00e9 du Ramadan a \u00e9t\u00e9 particuli\u00e8rement \u00e9prouvant sur le plan s\u00e9curitaire au Burkina Faso. Les deux derni\u00e8res semaines ont \u00e9t\u00e9 tr\u00e8s sanglantes, au point d\u2019\u00e9branler la confiance des citoyens quant \u00e0 la capacit\u00e9 des autorit\u00e9s \u00e0 prot\u00e9ger v\u00e9ritablement les populations, \u00e0 en juger par les nombreuses [&hellip;]<\/p>\n","protected":false},"author":1816,"featured_media":0,"comment_status":"closed","ping_status":"closed","sticky":false,"template":"","format":"standard","meta":{"fifu_image_url":"https:\/\/www.sidwaya.info\/wp-content\/uploads\/2021\/04\/1-62.jpg","fifu_image_alt":"Le prix de l\u2019engagement","footnotes":""},"categories":[73,81],"tags":[],"class_list":["post-116471","post","type-post","status-publish","format-standard","hentry","category-actualite","category-burkina-faso"],"_links":{"self":[{"href":"https:\/\/linitiative.ca\/International\/wp-json\/wp\/v2\/posts\/116471","targetHints":{"allow":["GET"]}}],"collection":[{"href":"https:\/\/linitiative.ca\/International\/wp-json\/wp\/v2\/posts"}],"about":[{"href":"https:\/\/linitiative.ca\/International\/wp-json\/wp\/v2\/types\/post"}],"author":[{"embeddable":true,"href":"https:\/\/linitiative.ca\/International\/wp-json\/wp\/v2\/users\/1816"}],"replies":[{"embeddable":true,"href":"https:\/\/linitiative.ca\/International\/wp-json\/wp\/v2\/comments?post=116471"}],"version-history":[{"count":0,"href":"https:\/\/linitiative.ca\/International\/wp-json\/wp\/v2\/posts\/116471\/revisions"}],"wp:attachment":[{"href":"https:\/\/linitiative.ca\/International\/wp-json\/wp\/v2\/media?parent=116471"}],"wp:term":[{"taxonomy":"category","embeddable":true,"href":"https:\/\/linitiative.ca\/International\/wp-json\/wp\/v2\/categories?post=116471"},{"taxonomy":"post_tag","embeddable":true,"href":"https:\/\/linitiative.ca\/International\/wp-json\/wp\/v2\/tags?post=116471"}],"curies":[{"name":"wp","href":"https:\/\/api.w.org\/{rel}","templated":true}]}}