{"id":116475,"date":"2021-05-09T02:18:02","date_gmt":"2021-05-09T06:18:02","guid":{"rendered":"https:\/\/linitiative.ca\/International\/cote-divoire-priere-des-musulmans-pour-la-fin-de-la-perturbation-de-lelectricite\/"},"modified":"2021-05-09T02:18:02","modified_gmt":"2021-05-09T06:18:02","slug":"cote-divoire-priere-des-musulmans-pour-la-fin-de-la-perturbation-de-lelectricite","status":"publish","type":"post","link":"https:\/\/linitiative.ca\/International\/cote-divoire-priere-des-musulmans-pour-la-fin-de-la-perturbation-de-lelectricite\/","title":{"rendered":"C\u00f4te d\u2019Ivoire: pri\u00e8re des musulmans pour la fin de la perturbation de l\u2019\u00e9lectricit\u00e9"},"content":{"rendered":"<div readability=\"32\">\n<p>Publi\u00e9 le 09.05.2021 \u00e0 07h18 par APA News<\/p>\n<\/div>\n<div readability=\"85\">\n<p>La communaut\u00e9 musulmane ivoirienne a fait une \u00ab pri\u00e8re sp\u00e9ciale \u00bb dans la nuit de samedi \u00e0 dimanche \u00e0 Abidjan pour mettre fin \u00e0 la perturbation de la fourniture de l\u2019\u00e9lectricit\u00e9 en C\u00f4te d\u2019Ivoire.<\/p>\n<p>\u00ab (\u2026) Ce sont les eaux qui manquent dans les barrages. Du moins, c\u2019est ce que les techniciens nous ont dit. En cette nuit b\u00e9nie, nous allons demander \u00e0 l\u2019imam Ali Ouattara de faire une pri\u00e8re sp\u00e9ciale afin que Dieu d\u00e9verse sa mis\u00e9ricorde, une pluie bienfaisante sur la C\u00f4te d\u2019Ivoire\u00bb, a indiqu\u00e9 Cheick A\u00efma Ousmane Diakit\u00e9, le pr\u00e9sident du Conseil sup\u00e9rieur des imams, des mosqu\u00e9es et des affaires islamiques de C\u00f4te d\u2019Ivoire (COSIM).<\/p>\n<p>L\u2019Imam Diakit\u00e9 s\u2019exprimait dans une c\u00e9r\u00e9monie de c\u00e9l\u00e9bration officielle de la nuit du Qadr (Nuit du destin) en pr\u00e9sence du pr\u00e9sident ivoirien Alassane Ouattara et d\u2019un parterre de personnalit\u00e9s.<\/p>\n<p>La fourniture de l\u2019\u00e9lectricit\u00e9 est perturb\u00e9e depuis quelques semaines \u00e0 Abidjan et \u00e0 L\u2019int\u00e9rieur du pays. Une situation qui cr\u00e9\u00e9 un gros pr\u00e9judice pour les m\u00e9nages et les entreprises.<\/p>\n<p>Vendredi dernier, Amadou Bakayoko, le directeur g\u00e9n\u00e9ral de la Compagnie ivoirienne d\u2019\u00e9lectricit\u00e9 (CIE) a annonc\u00e9 dans une conf\u00e9rence de presse que \u00a0la fourniture d\u2019\u00e9lectricit\u00e9 sera \u00ab\u00a0rationn\u00e9e\u00a0\u00bb d\u00e8s lundi prochain dans les m\u00e9nages et dans le secteur industriel.<\/p>\n<p>\u00a0Dans un autre registre, le guide de la communaut\u00e9 musulmane ivoirienne a demand\u00e9 \u00e0 M. Ouattara de \u00a0pers\u00e9v\u00e9rer dans la recherche de la paix et de la coh\u00e9sion sociale dans le pays.<\/p>\n<p>R\u00e9agissant auparavant au th\u00e8me de cette nuit du destin qui \u00e9tait intitul\u00e9: \u00ab La rumeur et ses cons\u00e9quences : la position de l\u2019islam \u00bb, Che\u00efck Ousmane Diakit\u00e9 \u00a0a soulign\u00e9 que \u00a0\u00ab le musulman ne doit pas \u00eatre le point de d\u00e9part d\u2019une rumeur encore moins celui qui la propage \u00bb.<\/p>\n<p>\u00a0Avant lui, dans une communication sur le m\u00eame th\u00e8me, le professeur Yahaya Karamoko, a soutenu dans la m\u00eame veine que le musulman ne doit pas atteindre ses objectifs dans la calomnie et le mensonge.\u00a0<\/p>\n<p>\u00ab Le musulmans ne doit pas utiliser le mensonge et la calomnie pour atteindre ses objectifs. Nous sommes invit\u00e9s \u00e0 la pond\u00e9ration. R\u00e9fl\u00e9chir avant d\u2019agir vient d\u2019Allah alors que la pr\u00e9cipitation vient de Satan\u00bb, a affirm\u00e9 Pr Karamoko selon qui la rumeur a un lien important avec les crises et est souvent \u00e0 la base des crises.<\/p>\n<p>La nuit du Destin ou nuit du Qadr, est l\u2019un des temps forts du mois de je\u00fbne de Ramadan. C\u2019est au cours de cette nuit que le Saint Coran a \u00e9t\u00e9 r\u00e9v\u00e9l\u00e9 au proph\u00e8te de l\u2019Islam Muhammad (Paix et salut d\u2019Allah sur lui).<\/p>\n<\/div>\n<p>Auteur: APA News<br \/>\n<a href=\"https:\/\/www.journalducameroun.com\/cote-divoire-priere-des-musulmans-pour-la-fin-de-la-perturbation-de-lelectricite\/\">Cliquez ici pour lire l&rsquo;article depuis sa source.<\/a><\/p>\n","protected":false},"excerpt":{"rendered":"<p>Publi\u00e9 le 09.05.2021 \u00e0 07h18 par APA News La communaut\u00e9 musulmane ivoirienne a fait une \u00ab pri\u00e8re sp\u00e9ciale \u00bb dans la nuit de samedi \u00e0 dimanche \u00e0 Abidjan pour mettre fin \u00e0 la perturbation de la fourniture de l\u2019\u00e9lectricit\u00e9 en C\u00f4te d\u2019Ivoire. \u00ab (\u2026) Ce sont les eaux qui manquent dans les barrages. Du moins, [&hellip;]<\/p>\n","protected":false},"author":1965,"featured_media":0,"comment_status":"closed","ping_status":"closed","sticky":false,"template":"","format":"standard","meta":{"fifu_image_url":"","fifu_image_alt":"","footnotes":""},"categories":[73,82],"tags":[],"class_list":["post-116475","post","type-post","status-publish","format-standard","hentry","category-actualite","category-cameroun"],"_links":{"self":[{"href":"https:\/\/linitiative.ca\/International\/wp-json\/wp\/v2\/posts\/116475","targetHints":{"allow":["GET"]}}],"collection":[{"href":"https:\/\/linitiative.ca\/International\/wp-json\/wp\/v2\/posts"}],"about":[{"href":"https:\/\/linitiative.ca\/International\/wp-json\/wp\/v2\/types\/post"}],"author":[{"embeddable":true,"href":"https:\/\/linitiative.ca\/International\/wp-json\/wp\/v2\/users\/1965"}],"replies":[{"embeddable":true,"href":"https:\/\/linitiative.ca\/International\/wp-json\/wp\/v2\/comments?post=116475"}],"version-history":[{"count":0,"href":"https:\/\/linitiative.ca\/International\/wp-json\/wp\/v2\/posts\/116475\/revisions"}],"wp:attachment":[{"href":"https:\/\/linitiative.ca\/International\/wp-json\/wp\/v2\/media?parent=116475"}],"wp:term":[{"taxonomy":"category","embeddable":true,"href":"https:\/\/linitiative.ca\/International\/wp-json\/wp\/v2\/categories?post=116475"},{"taxonomy":"post_tag","embeddable":true,"href":"https:\/\/linitiative.ca\/International\/wp-json\/wp\/v2\/tags?post=116475"}],"curies":[{"name":"wp","href":"https:\/\/api.w.org\/{rel}","templated":true}]}}