{"id":116476,"date":"2021-05-09T10:05:09","date_gmt":"2021-05-09T14:05:09","guid":{"rendered":"https:\/\/linitiative.ca\/International\/en-amical-le-cameroun-defiera-le-nigeria-le-4-juin-2021\/"},"modified":"2021-05-09T10:05:09","modified_gmt":"2021-05-09T14:05:09","slug":"en-amical-le-cameroun-defiera-le-nigeria-le-4-juin-2021","status":"publish","type":"post","link":"https:\/\/linitiative.ca\/International\/en-amical-le-cameroun-defiera-le-nigeria-le-4-juin-2021\/","title":{"rendered":"En amical : le Cameroun d\u00e9fiera le Nigeria le 4 juin 2021"},"content":{"rendered":"<div readability=\"32\">\n<p>Publi\u00e9 le 09.05.2021 \u00e0 15h05 par \u00c9mile Zola Nd\u00e9 Tchoussi<\/p>\n<\/div>\n<div readability=\"59\">\n<h5 class=\"c9\"><strong>Le Cameroun veut mettre \u00e0 profit la prochaine tr\u00eave internationale pour disputer les matchs amicaux. C\u2019est ainsi que Lions indomptables et les Super Eagles devront s\u2019affronter en Autriche<\/strong>.<\/h5>\n<p class=\"c10\">Apr\u00e8s l\u2019annulation des deux premi\u00e8res journ\u00e9es des \u00e9liminatoires du Mondial Qatar 2022, initialement pr\u00e9vues au d\u00e9but du mois de juin, le Cameroun qui avait d\u00e9j\u00e0 rendu publique une liste de 36 joueurs pr\u00e9s\u00e9lectionn\u00e9s pour ces rendez-vous est entr\u00e9 en n\u00e9gociation avec plusieurs pays (Nigeria, Alg\u00e9rie, S\u00e9n\u00e9gal), Ghana, B\u00e9nin)\u00a0\u00a0en vue de mettre \u00e0 profit cette p\u00e9riode FIFA \u00e0 travers des matchs amicaux.<\/p>\n<p class=\"c10\">Pour l\u2019instant,\u00a0 selon une source qualifi\u00e9e, le Nig\u00e9ria a donn\u00e9 son accord pour rencontrer les Lions indomptables le 4 juin prochain en Autriche.\u00a0 Une deuxi\u00e8me rencontre serait en cours de confirmation alors que plusieurs pays sont dans le collimateur de la s\u00e9lection nationale du Cameroun.<\/p>\n<p class=\"c10\">A priori, ces deux sorties permettront\u00a0 \u00e0 Antonio Concei\u00e7ao de roder davantage son effectif en attendant le d\u00e9marrage des \u00e9liminatoires du Mondial finalement fix\u00e9 au mois de septembre. Il s\u2019agit aussi de pr\u00e9parer la prochaine Coupe d\u2019Afrique des Nations Total 2021 que le Cameroun abritera en janvier-f\u00e9vrier 2022.<\/p>\n<p class=\"c10\">Notons qu\u2019avant le report d\u00e9cid\u00e9 conjointement par la CAF et la FIFA, le Cameroun devait affronter le Malawi et la C\u00f4te d\u2019Ivoire les 6 et 13 juin,\u00a0 respectivement \u00e0 Yaound\u00e9\/Douala et \u00e0 Abidjan.<\/p>\n<\/div>\n<p>Auteur: Christian DJIMADEU<br \/>\n<a href=\"https:\/\/www.journalducameroun.com\/en-amical-le-cameroun-defiera-le-nigeria-le-4-juin-2021-cameroun\/\">Cliquez ici pour lire l&rsquo;article depuis sa source.<\/a><\/p>\n","protected":false},"excerpt":{"rendered":"<p>Publi\u00e9 le 09.05.2021 \u00e0 15h05 par \u00c9mile Zola Nd\u00e9 Tchoussi Le Cameroun veut mettre \u00e0 profit la prochaine tr\u00eave internationale pour disputer les matchs amicaux. C\u2019est ainsi que Lions indomptables et les Super Eagles devront s\u2019affronter en Autriche. Apr\u00e8s l\u2019annulation des deux premi\u00e8res journ\u00e9es des \u00e9liminatoires du Mondial Qatar 2022, initialement pr\u00e9vues au d\u00e9but du [&hellip;]<\/p>\n","protected":false},"author":1965,"featured_media":0,"comment_status":"closed","ping_status":"closed","sticky":false,"template":"","format":"standard","meta":{"fifu_image_url":"","fifu_image_alt":"","footnotes":""},"categories":[73,82],"tags":[],"class_list":["post-116476","post","type-post","status-publish","format-standard","hentry","category-actualite","category-cameroun"],"_links":{"self":[{"href":"https:\/\/linitiative.ca\/International\/wp-json\/wp\/v2\/posts\/116476","targetHints":{"allow":["GET"]}}],"collection":[{"href":"https:\/\/linitiative.ca\/International\/wp-json\/wp\/v2\/posts"}],"about":[{"href":"https:\/\/linitiative.ca\/International\/wp-json\/wp\/v2\/types\/post"}],"author":[{"embeddable":true,"href":"https:\/\/linitiative.ca\/International\/wp-json\/wp\/v2\/users\/1965"}],"replies":[{"embeddable":true,"href":"https:\/\/linitiative.ca\/International\/wp-json\/wp\/v2\/comments?post=116476"}],"version-history":[{"count":0,"href":"https:\/\/linitiative.ca\/International\/wp-json\/wp\/v2\/posts\/116476\/revisions"}],"wp:attachment":[{"href":"https:\/\/linitiative.ca\/International\/wp-json\/wp\/v2\/media?parent=116476"}],"wp:term":[{"taxonomy":"category","embeddable":true,"href":"https:\/\/linitiative.ca\/International\/wp-json\/wp\/v2\/categories?post=116476"},{"taxonomy":"post_tag","embeddable":true,"href":"https:\/\/linitiative.ca\/International\/wp-json\/wp\/v2\/tags?post=116476"}],"curies":[{"name":"wp","href":"https:\/\/api.w.org\/{rel}","templated":true}]}}