{"id":116477,"date":"2021-05-09T15:18:02","date_gmt":"2021-05-09T19:18:02","guid":{"rendered":"https:\/\/linitiative.ca\/International\/maroc-le-ministere-public-sattaque-a-la-commercialisation-illegale-des-medicaments\/"},"modified":"2021-05-09T15:18:02","modified_gmt":"2021-05-09T19:18:02","slug":"maroc-le-ministere-public-sattaque-a-la-commercialisation-illegale-des-medicaments","status":"publish","type":"post","link":"https:\/\/linitiative.ca\/International\/maroc-le-ministere-public-sattaque-a-la-commercialisation-illegale-des-medicaments\/","title":{"rendered":"Maroc : le minist\u00e8re public s\u2019attaque \u00e0 la commercialisation ill\u00e9gale des m\u00e9dicaments"},"content":{"rendered":"<div readability=\"32\">\n<p>Publi\u00e9 le 09.05.2021 \u00e0 20h18 par APA News<\/p>\n<\/div>\n<div readability=\"65\">\n<p>Le minist\u00e8re public marocain s\u2019attaque \u00e0 la commercialisation ill\u00e9gale des m\u00e9dicaments et des produits pharmaceutiques non m\u00e9dicamenteux.Ainsi, le Procureur g\u00e9n\u00e9ral du roi pr\u00e8s la Cour de Cassation, pr\u00e9sident du minist\u00e8re public, El Hassan Daki a exhort\u00e9 les responsables judiciaires \u00e0 lutter contre la commercialisation ill\u00e9gale de ces produits.<\/p>\n<p>Dans une circulaire, le pr\u00e9sident du minist\u00e8re public a appel\u00e9 \u00e0 la mise en \u0153uvre des dispositions de la loi portant code du m\u00e9dicament et de la pharmacie, interdisant l\u2019exposition \u00e0 la vente et la vente des m\u00e9dicaments et des produits pharmaceutiques non m\u00e9dicamenteux au public, en dehors du cadre l\u00e9gal.<\/p>\n<p>Cette question n\u00e9cessite une attention particuli\u00e8re, \u00e0 travers notamment le recours \u00e0 la police judiciaire pour coordonner avec les services r\u00e9gionaux du minist\u00e8re de la Sant\u00e9 ou les services centraux de la direction du m\u00e9dicament et de la pharmacie, pour le suivi et la surveillance de toutes les formes de vente et de distribution ill\u00e9gales de m\u00e9dicaments.<\/p>\n<p>Pour rappel, l\u2019article 55 portant code du m\u00e9dicament et de la pharmacie stipule que les lieux d\u2019exercice de la pharmacie sont l\u2019officine de pharmacie, les r\u00e9serves de m\u00e9dicaments dans les cliniques et \u00e9tablissements pharmaceutiques.<\/p>\n<p>De m\u00eame, la fabrication, l\u2019importation, l\u2019exportation et la vente en gros des m\u00e9dicaments ne peuvent \u00eatre effectu\u00e9es que par les \u00e9tablissements pharmaceutiques industriels.<\/p>\n<\/div>\n<p>Auteur: APA News<br \/>\n<a href=\"https:\/\/www.journalducameroun.com\/maroc-le-ministere-public-sattaque-a-la-commercialisation-illegale-des-medicaments\/\">Cliquez ici pour lire l&rsquo;article depuis sa source.<\/a><\/p>\n","protected":false},"excerpt":{"rendered":"<p>Publi\u00e9 le 09.05.2021 \u00e0 20h18 par APA News Le minist\u00e8re public marocain s\u2019attaque \u00e0 la commercialisation ill\u00e9gale des m\u00e9dicaments et des produits pharmaceutiques non m\u00e9dicamenteux.Ainsi, le Procureur g\u00e9n\u00e9ral du roi pr\u00e8s la Cour de Cassation, pr\u00e9sident du minist\u00e8re public, El Hassan Daki a exhort\u00e9 les responsables judiciaires \u00e0 lutter contre la commercialisation ill\u00e9gale de ces [&hellip;]<\/p>\n","protected":false},"author":1965,"featured_media":0,"comment_status":"closed","ping_status":"closed","sticky":false,"template":"","format":"standard","meta":{"fifu_image_url":"","fifu_image_alt":"","footnotes":""},"categories":[73,82],"tags":[],"class_list":["post-116477","post","type-post","status-publish","format-standard","hentry","category-actualite","category-cameroun"],"_links":{"self":[{"href":"https:\/\/linitiative.ca\/International\/wp-json\/wp\/v2\/posts\/116477","targetHints":{"allow":["GET"]}}],"collection":[{"href":"https:\/\/linitiative.ca\/International\/wp-json\/wp\/v2\/posts"}],"about":[{"href":"https:\/\/linitiative.ca\/International\/wp-json\/wp\/v2\/types\/post"}],"author":[{"embeddable":true,"href":"https:\/\/linitiative.ca\/International\/wp-json\/wp\/v2\/users\/1965"}],"replies":[{"embeddable":true,"href":"https:\/\/linitiative.ca\/International\/wp-json\/wp\/v2\/comments?post=116477"}],"version-history":[{"count":0,"href":"https:\/\/linitiative.ca\/International\/wp-json\/wp\/v2\/posts\/116477\/revisions"}],"wp:attachment":[{"href":"https:\/\/linitiative.ca\/International\/wp-json\/wp\/v2\/media?parent=116477"}],"wp:term":[{"taxonomy":"category","embeddable":true,"href":"https:\/\/linitiative.ca\/International\/wp-json\/wp\/v2\/categories?post=116477"},{"taxonomy":"post_tag","embeddable":true,"href":"https:\/\/linitiative.ca\/International\/wp-json\/wp\/v2\/tags?post=116477"}],"curies":[{"name":"wp","href":"https:\/\/api.w.org\/{rel}","templated":true}]}}