{"id":116478,"date":"2021-05-09T15:18:02","date_gmt":"2021-05-09T19:18:02","guid":{"rendered":"https:\/\/linitiative.ca\/International\/media-ivoirien-emmanuel-koffi-elu-president-de-lamicale-des-anciens-de-la-rti\/"},"modified":"2021-05-09T15:18:02","modified_gmt":"2021-05-09T19:18:02","slug":"media-ivoirien-emmanuel-koffi-elu-president-de-lamicale-des-anciens-de-la-rti","status":"publish","type":"post","link":"https:\/\/linitiative.ca\/International\/media-ivoirien-emmanuel-koffi-elu-president-de-lamicale-des-anciens-de-la-rti\/","title":{"rendered":"M\u00e9dia ivoirien: Emmanuel Koffi \u00e9lu pr\u00e9sident de l\u2019Amicale des anciens de la RTI"},"content":{"rendered":"<div readability=\"32\">\n<p>Publi\u00e9 le 09.05.2021 \u00e0 20h18 par APA News<\/p>\n<\/div>\n<div readability=\"65\">\n<p>Emmanuel Koffi, ancien animateur des programmes, reporter et pr\u00e9sentateur du journal parl\u00e9 puis journaliste sportif \u00e0 Radio C\u00f4te d\u2019ivoire, a \u00e9t\u00e9 \u00e9lu samedi pr\u00e9sident de l\u2019Amicale des anciens de la Radiodiffusion T\u00e9l\u00e9vision Ivoirienne (2ARTI ).<\/p>\n<p>M. Emmanuel Koffi est le premier pr\u00e9sident de l\u2019Amicale des anciens de la Radio t\u00e9l\u00e9vision ivoirienne (2 ARTI). Il a \u00e9t\u00e9 port\u00e9 \u00e0 la t\u00eate de cette organisation, \u00e0 l\u2019issue d\u2019une Assembl\u00e9e g\u00e9n\u00e9rale. \u00a0<\/p>\n<p>Cette association qui r\u00e9unit d\u00e9sormais tous les ex-agents de la \u00ab\u00a0Maison bleue\u00a0\u00bb, la Radiodiffusion t\u00e9l\u00e9vision ivoirienne, a \u00e9t\u00e9 port\u00e9e sur les fonds baptismaux au cours d\u2019une Assembl\u00e9e g\u00e9n\u00e9rale qui s\u2019est tenue \u00e0 l\u2019Institut des sciences et Techniques de la Communication (ISTC Polytechnique).\u00a0<\/p>\n<p>Avant de prendre sa retraite, Emmanuel Koffi a servi de 2000 \u00e0 2003 comme sous-directeur d\u2019administration centrale en charge de la communication au minist\u00e8re des Transports et des Infrastructures \u00e9conomiques.<\/p>\n<p>Il a en outre offici\u00e9 au minist\u00e8re du Tourisme de 2003 \u00e0 2011 en qualit\u00e9 de directeur de la communication et du marketing puis Conseiller du directeur g\u00e9n\u00e9ral de la Sotra (Soci\u00e9t\u00e9 des transports abidjanais) d\u2019alors, Philippe Attey.<\/p>\n<p>L\u2019amicale qui se veut apolitique, se donne pour objet de r\u00e9pondre aux besoins et aux aspirations de ses membres en mati\u00e8re de solidarit\u00e9 et d\u2019entraide. Les actions de l\u2019organisation couvrent les \u00e9v\u00e9nements heureux ou malheureux, les activit\u00e9s festives ou de retrouvailles.<\/p>\n<\/div>\n<p>Auteur: APA News<br \/>\n<a href=\"https:\/\/www.journalducameroun.com\/media-ivoirien-emmanuel-koffi-elu-president-de-lamicale-des-anciens-de-la-rti\/\">Cliquez ici pour lire l&rsquo;article depuis sa source.<\/a><\/p>\n","protected":false},"excerpt":{"rendered":"<p>Publi\u00e9 le 09.05.2021 \u00e0 20h18 par APA News Emmanuel Koffi, ancien animateur des programmes, reporter et pr\u00e9sentateur du journal parl\u00e9 puis journaliste sportif \u00e0 Radio C\u00f4te d\u2019ivoire, a \u00e9t\u00e9 \u00e9lu samedi pr\u00e9sident de l\u2019Amicale des anciens de la Radiodiffusion T\u00e9l\u00e9vision Ivoirienne (2ARTI ). M. Emmanuel Koffi est le premier pr\u00e9sident de l\u2019Amicale des anciens de [&hellip;]<\/p>\n","protected":false},"author":1965,"featured_media":0,"comment_status":"closed","ping_status":"closed","sticky":false,"template":"","format":"standard","meta":{"fifu_image_url":"","fifu_image_alt":"","footnotes":""},"categories":[73,82],"tags":[],"class_list":["post-116478","post","type-post","status-publish","format-standard","hentry","category-actualite","category-cameroun"],"_links":{"self":[{"href":"https:\/\/linitiative.ca\/International\/wp-json\/wp\/v2\/posts\/116478","targetHints":{"allow":["GET"]}}],"collection":[{"href":"https:\/\/linitiative.ca\/International\/wp-json\/wp\/v2\/posts"}],"about":[{"href":"https:\/\/linitiative.ca\/International\/wp-json\/wp\/v2\/types\/post"}],"author":[{"embeddable":true,"href":"https:\/\/linitiative.ca\/International\/wp-json\/wp\/v2\/users\/1965"}],"replies":[{"embeddable":true,"href":"https:\/\/linitiative.ca\/International\/wp-json\/wp\/v2\/comments?post=116478"}],"version-history":[{"count":0,"href":"https:\/\/linitiative.ca\/International\/wp-json\/wp\/v2\/posts\/116478\/revisions"}],"wp:attachment":[{"href":"https:\/\/linitiative.ca\/International\/wp-json\/wp\/v2\/media?parent=116478"}],"wp:term":[{"taxonomy":"category","embeddable":true,"href":"https:\/\/linitiative.ca\/International\/wp-json\/wp\/v2\/categories?post=116478"},{"taxonomy":"post_tag","embeddable":true,"href":"https:\/\/linitiative.ca\/International\/wp-json\/wp\/v2\/tags?post=116478"}],"curies":[{"name":"wp","href":"https:\/\/api.w.org\/{rel}","templated":true}]}}