{"id":116479,"date":"2021-05-09T15:18:02","date_gmt":"2021-05-09T19:18:02","guid":{"rendered":"https:\/\/linitiative.ca\/International\/le-maroc-suit-avec-une-profonde-inquietude-les-violents-incidents-a-al-qods\/"},"modified":"2021-05-09T15:18:02","modified_gmt":"2021-05-09T19:18:02","slug":"le-maroc-suit-avec-une-profonde-inquietude-les-violents-incidents-a-al-qods","status":"publish","type":"post","link":"https:\/\/linitiative.ca\/International\/le-maroc-suit-avec-une-profonde-inquietude-les-violents-incidents-a-al-qods\/","title":{"rendered":"Le Maroc suit avec une profonde inqui\u00e9tude les violents incidents \u00e0 Al-Qods"},"content":{"rendered":"<div readability=\"32\">\n<p>Publi\u00e9 le 09.05.2021 \u00e0 20h18 par APA News<\/p>\n<\/div>\n<div readability=\"58\">\n<p>Le Maroc suit avec une profonde inqui\u00e9tude les violents incidents survenus \u00e0 Al-Qods et dans la mosqu\u00e9e Al Aqsa, indique dimanche un communiqu\u00e9 du minist\u00e8re des Affaires \u00e9trang\u00e8res.Le Royaume, dont le Roi Mohammed VI, pr\u00e9side le Comit\u00e9 Al Qods, consid\u00e8re ces violations comme un acte \u00ab inadmissible et susceptible d\u2019attiser les tensions \u00bb, ajoute la m\u00eame source.<\/p>\n<p>Le Maroc consid\u00e8re que \u00ab les mesures unilat\u00e9rales ne sont gu\u00e8re la solution, de m\u00eame qu\u2019il appelle \u00e0 favoriser le dialogue et le respect des droits, r\u00e9affirmant la n\u00e9cessit\u00e9 de pr\u00e9server le statut sp\u00e9cial de la ville d\u2019Al Qods et de prot\u00e9ger le cachet islamique de la ville sainte et la sacralit\u00e9 de la Mosqu\u00e9e Al Aqsa, conclut le communiqu\u00e9.<\/p>\n<p>Samedi, des heurts ont eu lieu dans diff\u00e9rents quartiers de J\u00e9rusalem-Est entre policiers isra\u00e9liens et Palestiniens, faisant une centaine de bless\u00e9s<\/p>\n<p>Dans la foul\u00e9e de ces violences, une roquette a \u00e9t\u00e9 tir\u00e9e depuis la bande de Gaza vers Isra\u00ebl qui a annonc\u00e9 avoir frapp\u00e9 des positions du mouvement islamiste Hamas dans cette enclave palestinienne de deux millions d\u2019habitants.<\/p>\n<\/div>\n<p>Auteur: APA News<br \/>\n<a href=\"https:\/\/www.journalducameroun.com\/le-maroc-suit-avec-une-profonde-inquietude-les-violents-incidents-a-al-qods\/\">Cliquez ici pour lire l&rsquo;article depuis sa source.<\/a><\/p>\n","protected":false},"excerpt":{"rendered":"<p>Publi\u00e9 le 09.05.2021 \u00e0 20h18 par APA News Le Maroc suit avec une profonde inqui\u00e9tude les violents incidents survenus \u00e0 Al-Qods et dans la mosqu\u00e9e Al Aqsa, indique dimanche un communiqu\u00e9 du minist\u00e8re des Affaires \u00e9trang\u00e8res.Le Royaume, dont le Roi Mohammed VI, pr\u00e9side le Comit\u00e9 Al Qods, consid\u00e8re ces violations comme un acte \u00ab inadmissible [&hellip;]<\/p>\n","protected":false},"author":1965,"featured_media":0,"comment_status":"closed","ping_status":"closed","sticky":false,"template":"","format":"standard","meta":{"fifu_image_url":"","fifu_image_alt":"","footnotes":""},"categories":[73,82],"tags":[],"class_list":["post-116479","post","type-post","status-publish","format-standard","hentry","category-actualite","category-cameroun"],"_links":{"self":[{"href":"https:\/\/linitiative.ca\/International\/wp-json\/wp\/v2\/posts\/116479","targetHints":{"allow":["GET"]}}],"collection":[{"href":"https:\/\/linitiative.ca\/International\/wp-json\/wp\/v2\/posts"}],"about":[{"href":"https:\/\/linitiative.ca\/International\/wp-json\/wp\/v2\/types\/post"}],"author":[{"embeddable":true,"href":"https:\/\/linitiative.ca\/International\/wp-json\/wp\/v2\/users\/1965"}],"replies":[{"embeddable":true,"href":"https:\/\/linitiative.ca\/International\/wp-json\/wp\/v2\/comments?post=116479"}],"version-history":[{"count":0,"href":"https:\/\/linitiative.ca\/International\/wp-json\/wp\/v2\/posts\/116479\/revisions"}],"wp:attachment":[{"href":"https:\/\/linitiative.ca\/International\/wp-json\/wp\/v2\/media?parent=116479"}],"wp:term":[{"taxonomy":"category","embeddable":true,"href":"https:\/\/linitiative.ca\/International\/wp-json\/wp\/v2\/categories?post=116479"},{"taxonomy":"post_tag","embeddable":true,"href":"https:\/\/linitiative.ca\/International\/wp-json\/wp\/v2\/tags?post=116479"}],"curies":[{"name":"wp","href":"https:\/\/api.w.org\/{rel}","templated":true}]}}