{"id":116484,"date":"2021-05-10T08:20:01","date_gmt":"2021-05-10T12:20:01","guid":{"rendered":"https:\/\/linitiative.ca\/International\/une-chanson-pour-celebrer-lanniversaire-de-sar-le-prince-heritier-moulay-el-hassan\/"},"modified":"2021-05-10T08:20:01","modified_gmt":"2021-05-10T12:20:01","slug":"une-chanson-pour-celebrer-lanniversaire-de-sar-le-prince-heritier-moulay-el-hassan","status":"publish","type":"post","link":"https:\/\/linitiative.ca\/International\/une-chanson-pour-celebrer-lanniversaire-de-sar-le-prince-heritier-moulay-el-hassan\/","title":{"rendered":"Une chanson pour c\u00e9l\u00e9brer l\u2019anniversaire de SAR le Prince h\u00e9ritier Moulay El Hassan"},"content":{"rendered":"<header>\n<div class=\"entry-post-meta\">\n<div class=\"author-link\">Publi\u00e9 par <a itemprop=\"author\" itemscope=\"itemscope\" itemtype=\"https:\/\/schema.org\/Person\" href=\"https:\/\/aujourdhui.ma\/author\/blio\" rel=\"author\"><span itemprop=\"name\">ALM<\/span><\/a><\/div>\n<p>Date\u00a0:<time content=\"2021-05-10T12:20:01+00:00\" class=\"entry-date updated\" datetime=\"2021-05-10T12:20:01+00:00\">mai 10, 2021<\/time><\/p>\n<div class=\"entry-cat\">dans:<a href=\"https:\/\/aujourdhui.ma\/category\/culture\" rel=\"category tag\">Culture<\/a><\/div>\n<p>64Vues<\/p>\n<\/div>\n<\/header>\n<div class=\"entry-content clearfix\" readability=\"46\">\n<figure class=\"post-thumbnail\" itemprop=\"associatedMedia\" itemscope=\"itemscope\" itemtype=\"http:\/\/schema.org\/ImageObject\"><img decoding=\"async\" class=\"post_layout_5_img\" src=\"http:\/\/aujourdhui.ma\/wp-content\/uploads\/2021\/05\/Une-chanson-pour-celebrer-lanniversaire-de-SAR-le-Prince-heritier-Moulay-El-Hassan.jpg\" alt=\"Une chanson pour c\u00e9l\u00e9brer l\u2019anniversaire de SAR le Prince h\u00e9ritier Moulay El Hassan\"\/><\/figure>\n<p><span class=\"c7\"><strong>A l\u2019occasion du 18\u00e8me anniversaire de SAR le Prince h\u00e9ritier Moulay El Hassan, l\u2019association \u00abJnan El Azhar\u00bb a, en partenariat avec la direction de Casablanca-Sidi Bernoussi, cr\u00e9\u00e9 une chorale \u00e0 l\u2019\u00e9cole \u00abAl Khansae\u00bb.<\/strong><\/span><span id=\"more-376046\"\/><\/p>\n<p>Un partenariat couronn\u00e9 par la r\u00e9alisation d\u2019une chanson intitul\u00e9e \u00abMoulay El Hassan ya zahrat La\u00e2yane\u00bb \u00e9crite par le po\u00e8te Abdelkrim Rezki et compos\u00e9e par l\u2019artiste Rachid El Oudghiri, qui encadre \u00e9galement cette chorale. D\u00e9j\u00e0, cet artiste a con\u00e7u une autre chanson intitul\u00e9e \u00abAmira tesher lalbab\u00bb (Une princesse qui \u00e9merveille les esprits) \u00e0 l\u2019occasion du 14\u00e8me anniversaire de SAR la Princesse Lalla Khadija. Une \u0153uvre qui a vu le jour suite \u00e0 un partenariat avec la directrice de l\u2019Acad\u00e9mie r\u00e9gionale de Casablanca-Anfa et le lyc\u00e9e coll\u00e9gial Moulay Youssef o\u00f9 une chorale a \u00e9galement \u00e9t\u00e9 cr\u00e9\u00e9e. Une \u0153uvre qui a \u00e9galement valu \u00e0 des \u00e9l\u00e8ves de cet \u00e9tablissement une performance lors de la c\u00e9r\u00e9monie de signature d\u2019une convention liant le mus\u00e9e du juda\u00efsme \u00e0 Casablanca et l\u2019Acad\u00e9mie de la r\u00e9gion Casablanca-Settat. \u00abC\u2019\u00e9tait une belle initiative. C\u2019\u00e9tait d\u2019ailleurs la premi\u00e8re fois que ce groupe s\u2019initie \u00e0 la musique, \u00e9tudie les mesures et les maq\u00e2ms. Et il l\u2019a interpr\u00e9t\u00e9e professionnellement\u00bb, indique M. Oudghiri.<\/p>\n<\/div>\n<p>Auteur: ALM<br \/>\n<a href=\"https:\/\/aujourdhui.ma\/culture\/une-chanson-pour-celebrer-lanniversaire-de-sar-le-prince-heritier-moulay-el-hassan\">Cliquez ici pour lire l&rsquo;article depuis sa source.<\/a><\/p>\n","protected":false},"excerpt":{"rendered":"<p>Publi\u00e9 par ALM Date\u00a0:mai 10, 2021 dans:Culture 64Vues A l\u2019occasion du 18\u00e8me anniversaire de SAR le Prince h\u00e9ritier Moulay El Hassan, l\u2019association \u00abJnan El Azhar\u00bb a, en partenariat avec la direction de Casablanca-Sidi Bernoussi, cr\u00e9\u00e9 une chorale \u00e0 l\u2019\u00e9cole \u00abAl Khansae\u00bb. Un partenariat couronn\u00e9 par la r\u00e9alisation d\u2019une chanson intitul\u00e9e \u00abMoulay El Hassan ya zahrat [&hellip;]<\/p>\n","protected":false},"author":1759,"featured_media":0,"comment_status":"closed","ping_status":"closed","sticky":false,"template":"","format":"standard","meta":{"fifu_image_url":"http:\/\/aujourdhui.ma\/wp-content\/uploads\/2021\/05\/Une-chanson-pour-celebrer-lanniversaire-de-SAR-le-Prince-heritier-Moulay-El-Hassan.jpg","fifu_image_alt":"Une chanson pour c\u00e9l\u00e9brer l\u2019anniversaire de SAR le Prince h\u00e9ritier Moulay El Hassan","footnotes":""},"categories":[73,54],"tags":[],"class_list":["post-116484","post","type-post","status-publish","format-standard","hentry","category-actualite","category-maroc"],"_links":{"self":[{"href":"https:\/\/linitiative.ca\/International\/wp-json\/wp\/v2\/posts\/116484","targetHints":{"allow":["GET"]}}],"collection":[{"href":"https:\/\/linitiative.ca\/International\/wp-json\/wp\/v2\/posts"}],"about":[{"href":"https:\/\/linitiative.ca\/International\/wp-json\/wp\/v2\/types\/post"}],"author":[{"embeddable":true,"href":"https:\/\/linitiative.ca\/International\/wp-json\/wp\/v2\/users\/1759"}],"replies":[{"embeddable":true,"href":"https:\/\/linitiative.ca\/International\/wp-json\/wp\/v2\/comments?post=116484"}],"version-history":[{"count":0,"href":"https:\/\/linitiative.ca\/International\/wp-json\/wp\/v2\/posts\/116484\/revisions"}],"wp:attachment":[{"href":"https:\/\/linitiative.ca\/International\/wp-json\/wp\/v2\/media?parent=116484"}],"wp:term":[{"taxonomy":"category","embeddable":true,"href":"https:\/\/linitiative.ca\/International\/wp-json\/wp\/v2\/categories?post=116484"},{"taxonomy":"post_tag","embeddable":true,"href":"https:\/\/linitiative.ca\/International\/wp-json\/wp\/v2\/tags?post=116484"}],"curies":[{"name":"wp","href":"https:\/\/api.w.org\/{rel}","templated":true}]}}