{"id":116485,"date":"2021-05-10T08:41:05","date_gmt":"2021-05-10T12:41:05","guid":{"rendered":"https:\/\/linitiative.ca\/International\/des-idees-novatrices-pour-le-maroc-dapres\/"},"modified":"2021-05-10T08:41:05","modified_gmt":"2021-05-10T12:41:05","slug":"des-idees-novatrices-pour-le-maroc-dapres","status":"publish","type":"post","link":"https:\/\/linitiative.ca\/International\/des-idees-novatrices-pour-le-maroc-dapres\/","title":{"rendered":"Des id\u00e9es novatrices pour \u00able Maroc d\u2019apr\u00e8s\u00bb"},"content":{"rendered":"<figure class=\"post-thumbnail\" itemprop=\"associatedMedia\" itemscope=\"itemscope\" itemtype=\"http:\/\/schema.org\/ImageObject\"><img decoding=\"async\" class=\"post_layout_5_img\" src=\"https:\/\/aujourdhui.ma\/wp-content\/uploads\/2018\/11\/Ahmed-GHAYET-1.jpg\" alt=\"Des id\u00e9es novatrices pour \u00able Maroc d\u2019apr\u00e8s\u00bb\"\/><\/figure>\n<p><span class=\"c7\"><strong>Cette pand\u00e9mie finira bien un jour -le plus t\u00f4t sera le mieux- la vaccination aidant, nous sortirons de cette p\u00e9riode qui aura profond\u00e9ment chang\u00e9 nos vies, avec son lot de souffrances, de deuils, de doutes et d\u2019insistantes remises en question.<\/strong><\/span><span id=\"more-376059\"\/><br \/>Si nous ne tirons pas les indispensables le\u00e7ons de ces sombres 15 mois alors nous passerons d\u2019une crise sanitaire \u00e0 une profonde crise sociale.<br \/>Il faut pr\u00e9parer \u00abl\u2019apr\u00e8s confinement\u00bb, dans tous les domaines.<br \/>SM le Roi a pris les devants en lan\u00e7ant l\u2019une des plus grandes r\u00e9formes qui soient : celle de la couverture sociale, qui nous fera effectuer un formidable bond en avant dans le mieux-vivre et la protection de nos concitoyens\u2026<br \/>Dans cette chronique je voudrais quant \u00e0 moi m\u2019arr\u00eater sur un domaine capital pour notre pays et cette p\u00e9riode nous en a montr\u00e9 toute l\u2019 importance: le tourisme.<br \/>Ayant effectu\u00e9 un s\u00e9jour \u00e0 Essaouira la semaine derni\u00e8re pour des actions associatives, j\u2019ai pu mesurer \u00e0 quel point le tourisme international est non seulement vital pour notre \u00e9conomie mais \u00e0 quel point il l\u2019est aussi pour notre culture, notre ouverture, notre rayonnement et pourquoi ne pas le dire : notre fa\u00e7on de vivre.<br \/>Essaouira qui a beaucoup d\u2019atouts dans ce domaine -elle a initi\u00e9 une nouvelle forme de tourisme il y a bien longtemps, bas\u00e9e sur l\u2019authenticit\u00e9, l\u2019Histoire, la culture, le patrimoine- a \u00e9videmment elle aussi souffert de la fermeture des fronti\u00e8res, il nous faudra donc suivre avec beaucoup d\u2019int\u00e9r\u00eat la mani\u00e8re dont elle rebondira et saura renouveler encore et toujours sa fa\u00e7on d\u2019attirer \u00e0 elle les touristes.<br \/>A l\u2019instar de toutes les villes dont le tourisme est un \u00e9l\u00e9ment strat\u00e9gique Essaouira, Marrakech, F\u00e8s, Agadir\u2026\/\u2026 c\u2019est toute une population qui s\u2019est soudainement retrouv\u00e9e en situation de pr\u00e9carit\u00e9 : bien s\u00fbr nos concitoyens travaillant dans le secteur de l\u2019h\u00f4tellerie et la restauration en premier lieu -nombreux sans doute sont d\u2019ailleurs les \u00e9tablissement qui ne r\u00e9-ouvriront pas, mais il faut \u00e9galement s\u2019attarder sur tous les m\u00e9tiers, tous les petits boulots, tous les travailleurs journaliers\u2026 qui tournent autour du tourisme et ont pris la crise en pleine face: artisans, taxis, porteurs, guides, bazaristes, petits vendeurs ambulants de souvenirs, gardiens de parkings, etc, etc, la cha\u00eene est innombrable.<br \/>Croire que le tourisme redeviendra \u00abcomme avant\u00bb me semble utopique et peut-\u00eatre \u2013 si l\u2019on sait en tirer une exp\u00e9rience positive- que cela nous donnera l\u2019occasion de r\u00e9nover notre mod\u00e8le d\u2019attraction des amateurs de notre pays.<br \/>L\u2019ONMT est en train de lancer une campagne, je voudrais quant \u00e0 moi \u00e9laborer ici quelques propositions qui me sont revenues du terrain, pr\u00e9cis\u00e9ment des discussions que j\u2019ai eues avec les jeunes directement li\u00e9es au tourisme et qui cherchent des id\u00e9es innovantes :<\/p>\n<p><span class=\"c8\"><strong>1) Utiliser intelligemment les r\u00e9seaux sociaux :<\/strong><\/span><\/p>\n<p>\u2013 \u00abLe Maroc en cam\u00e9ra embarqu\u00e9e\u00bb :<br \/>Invitation est donn\u00e9e via les r\u00e9seaux sociaux aux internautes de diff\u00e9rents pays, pour un voyage en cam\u00e9ra embarqu\u00e9e \u00e0 travers le Maroc comme on ne l\u2019a jamais vu. De jeunes et talentueux vid\u00e9astes nous feraient alors parcourir les villes et les campagnes sous un jour nouveau : au moment du coucher du soleil, de chez l\u2019habitant, en musique, en commentant leurs vid\u00e9os dans diff\u00e9rentes langues, etc<br \/>\u2013 Lancer un concours- photos sur le Web : \u00abMaroc insolite\u00bb .<br \/>Les 3 photos les plus originales, surprenantes, inattendues de la ville seraient prim\u00e9es : un s\u00e9jour dans un h\u00f4tel, un d\u00eener dans un grand restaurant, un voyage gratuit\u2026<br \/>\u2013 Initier un \u00absondage en ligne : \u00ab\u00bb :<br \/>que souhaitez vous trouver en priorit\u00e9 au Maroc pour y passer vos vacances ?<br \/>(En soumettant par exemple au choix une dizaine de propositions.)<\/p>\n<p><span class=\"c8\"><strong>2) Activit\u00e9s novatrices<\/strong><\/span><\/p>\n<p>\u2013 \u00abMaroc on the beach\u00bb :<br \/>proposer \u00e0 des restaurants des villes maritimes d\u2019organiser des d\u00e9jeuners ou des d\u00eeners sur la plage (tables \u00e0 bonne distance les unes des autres install\u00e9es sous les paillottes + lanternes le soir).<br \/>Chaque restaurant proposant des plats sp\u00e9cifiques et utilisant l\u2019immense palette de l\u2019art culinaire marocain, \u00e0 des niveaux de prix diff\u00e9rents afin de capter toutes les cat\u00e9gories d\u2019estivants.<br \/>\u2013 Week-end cin\u00e9ma sur les murailles : projection de films grand public sur les murailles de nos villes.<br \/>\u2013 Terrasses en f\u00eate : animation des terrasses des restaurants et des caf\u00e9s par les jeunes artistes de rue.<br \/>\u2013 Caf\u00e9s \u00e0 th\u00e8mes : litt\u00e9raires, musicaux, inter-g\u00e9n\u00e9rations\u2026<br \/>\u2013 Mode in Morocco : organisation de d\u00e9fil\u00e9s sur les places de nos villes, o\u00f9 stylistes, couturier(e)s pr\u00e9senteront leurs mod\u00e8les, en offrant la possibilit\u00e9 d\u2019acheter les mod\u00e8les sur place, lors de ces d\u00e9fil\u00e9s.<br \/>Ce ne sont l\u00e0 que quelques unes des id\u00e9es et propositions qui m\u2019ont \u00e9t\u00e9 faites par ces jeunes, je les ai trouv\u00e9es particuli\u00e8rement judicieuses : minist\u00e8re du tourisme, agences, Offices du tourisme, conseils, h\u00f4teliers, compagnies a\u00e9riennes, restaurateurs\u2026pourquoi ne pas vous saisir de ces id\u00e9es innovantes, attrayantes, ambitieuses ?<br \/>A votre disposition pour vous mettre en contact avec ces jeunes qui peuvent ouvrir de nouvelles et b\u00e9n\u00e9fiques perspectives \u00e0 ce secteur crucial pour notre pays.<\/p>\n<p>Auteur: Ahmed GHAYET<br \/>\n<a href=\"https:\/\/aujourdhui.ma\/chroniques\/des-idees-novatrices-pour-le-maroc-dapres\">Cliquez ici pour lire l&rsquo;article depuis sa source.<\/a><\/p>\n","protected":false},"excerpt":{"rendered":"<p>Cette pand\u00e9mie finira bien un jour -le plus t\u00f4t sera le mieux- la vaccination aidant, nous sortirons de cette p\u00e9riode qui aura profond\u00e9ment chang\u00e9 nos vies, avec son lot de souffrances, de deuils, de doutes et d\u2019insistantes remises en question.Si nous ne tirons pas les indispensables le\u00e7ons de ces sombres 15 mois alors nous passerons [&hellip;]<\/p>\n","protected":false},"author":1759,"featured_media":0,"comment_status":"closed","ping_status":"closed","sticky":false,"template":"","format":"standard","meta":{"fifu_image_url":"https:\/\/aujourdhui.ma\/wp-content\/uploads\/2018\/11\/Ahmed-GHAYET-1.jpg","fifu_image_alt":"Des id\u00e9es novatrices pour \u00able Maroc d\u2019apr\u00e8s\u00bb","footnotes":""},"categories":[73,54],"tags":[],"class_list":["post-116485","post","type-post","status-publish","format-standard","hentry","category-actualite","category-maroc"],"_links":{"self":[{"href":"https:\/\/linitiative.ca\/International\/wp-json\/wp\/v2\/posts\/116485","targetHints":{"allow":["GET"]}}],"collection":[{"href":"https:\/\/linitiative.ca\/International\/wp-json\/wp\/v2\/posts"}],"about":[{"href":"https:\/\/linitiative.ca\/International\/wp-json\/wp\/v2\/types\/post"}],"author":[{"embeddable":true,"href":"https:\/\/linitiative.ca\/International\/wp-json\/wp\/v2\/users\/1759"}],"replies":[{"embeddable":true,"href":"https:\/\/linitiative.ca\/International\/wp-json\/wp\/v2\/comments?post=116485"}],"version-history":[{"count":0,"href":"https:\/\/linitiative.ca\/International\/wp-json\/wp\/v2\/posts\/116485\/revisions"}],"wp:attachment":[{"href":"https:\/\/linitiative.ca\/International\/wp-json\/wp\/v2\/media?parent=116485"}],"wp:term":[{"taxonomy":"category","embeddable":true,"href":"https:\/\/linitiative.ca\/International\/wp-json\/wp\/v2\/categories?post=116485"},{"taxonomy":"post_tag","embeddable":true,"href":"https:\/\/linitiative.ca\/International\/wp-json\/wp\/v2\/tags?post=116485"}],"curies":[{"name":"wp","href":"https:\/\/api.w.org\/{rel}","templated":true}]}}