{"id":116486,"date":"2021-05-10T09:00:01","date_gmt":"2021-05-10T13:00:01","guid":{"rendered":"https:\/\/linitiative.ca\/International\/pour-la-relance-economique-des-artisans-le-cri-souss-massa-et-glovo-mettent-la-main-dans-la-main\/"},"modified":"2021-05-10T09:00:01","modified_gmt":"2021-05-10T13:00:01","slug":"pour-la-relance-economique-des-artisans-le-cri-souss-massa-et-glovo-mettent-la-main-dans-la-main","status":"publish","type":"post","link":"https:\/\/linitiative.ca\/International\/pour-la-relance-economique-des-artisans-le-cri-souss-massa-et-glovo-mettent-la-main-dans-la-main\/","title":{"rendered":"Pour la relance \u00e9conomique des artisans  : Le CRI Souss-Massa et Glovo mettent la main dans la main"},"content":{"rendered":"<figure class=\"post-thumbnail\" itemprop=\"associatedMedia\" itemscope=\"itemscope\" itemtype=\"http:\/\/schema.org\/ImageObject\"><img decoding=\"async\" class=\"post_layout_5_img\" src=\"http:\/\/aujourdhui.ma\/wp-content\/uploads\/2021\/05\/CRI-et-Glovo-Maroc-.jpg\" alt=\"Pour la relance \u00e9conomique des artisans : Le CRI Souss-Massa et Glovo mettent la main dans la main\"\/><\/figure>\n<p><span class=\"c7\"><strong>Le Centre r\u00e9gional d\u2019investissement Souss-Massa (CRI) et Glovo Maroc ont scell\u00e9 jeudi \u00e0 Agadir un partenariat pour la relance \u00e9conomique des artisans, coop\u00e9ratives et traiteurs de la r\u00e9gion<\/strong><\/span><span id=\"more-376040\"\/><\/p>\n<p>Ils se rapprochent, en partant d\u2019une volont\u00e9 des deux parties de contribuer \u00e0 la relance socio-\u00e9conomique des \u00e9cosyst\u00e8mes des traiteurs, des artisans et des coop\u00e9ratives de la r\u00e9gion Souss-Massa.<br \/>En effet, ces \u00e9cosyst\u00e8mes ont accus\u00e9 d\u2019importantes pertes suite \u00e0 l\u2019arr\u00eat total ou p\u00e9riodique des activit\u00e9s en raison de la r\u00e9cession \u00e9conomique li\u00e9e \u00e0 la Covid-19. Ainsi, afin d\u2019assurer une reprise de l\u2019activit\u00e9 et de venir en aide aux entreprises en difficult\u00e9s, le CRI Souss-Massa continue de mettre en place des m\u00e9canismes sp\u00e9cifiques de relance pour soutenir les secteurs les plus impact\u00e9s dans la r\u00e9gion Souss-Massa.<\/p>\n<p>A cet effet, le Centre r\u00e9gional d\u2019investissement Souss-Massa et Glovo Maroc souhaitent coordonner leurs efforts au service de l\u2019\u00e9cosyst\u00e8me des secteurs cibl\u00e9s par ce partenariat, \u00e0 travers la signature d\u2019une convention qui se d\u00e9cline en axes majeurs visant l\u2019accompagnement \u00e0 la digitalisation et au e-commerce, \u00e0 savoir: premi\u00e8rement la formation et l\u2019assistance des artisans et coop\u00e9ratives par Glovo qui met son expertise \u00e0 travers l\u2019organisation de formation et de perfectionnement en marketing digital et e-commerce, pour les secteurs de l\u2019artisanat et des coop\u00e9ratives, notamment dans les zones enclav\u00e9es de la r\u00e9gion, deuxi\u00e8mement l\u2019accompagnement \u00e0 la digitalisation des traiteurs par Glovo, qui s\u2019engage \u00e0 mettre une boutique virtuelle sur sa plate-forme \u00e0 la disposition des traiteurs r\u00e9gionaux et \u00e0 les former sur son utilisation, afin de leur permettre d\u2019acc\u00e9der aux march\u00e9s virtuels. Et troisi\u00e8mement l\u2019accompagnement \u00e0 la commercialisation et la distribution des produits artisanaux et du terroir r\u00e9gionaux par Glovo qui proposera aux artisans et aux coop\u00e9ratives op\u00e9rantes dans les produits du terroir de la r\u00e9gion un package (commercial et logistique) afin de leur permettre la vente de leurs produits dans les r\u00e9gions du Royaume o\u00f9 op\u00e8re le leader de la livraison.<\/p>\n<p>Notons que la c\u00e9r\u00e9monie de signature de ladite convention s\u2019est d\u00e9roul\u00e9e en pr\u00e9sence de Brahim Hafidi, pr\u00e9sident du conseil r\u00e9gional Souss-Massa, Karim Achenguli, pr\u00e9sident de la Chambre de commerce, d\u2019industrie et de services Souss-Massa, Affane Ben Boua\u00efda, pr\u00e9sident de la Chambre d\u2019artisanat Souss Massa ainsi que les repr\u00e9sentants des \u00e9cosyst\u00e8mes b\u00e9n\u00e9ficiaires dudit partenariat, \u00e0 savoir le pr\u00e9sident et le secr\u00e9taire g\u00e9n\u00e9ral du collectif des traiteurs et des m\u00e9tiers de l\u2019\u00e9v\u00e9nementiel, le pr\u00e9sident de l\u2019Union marocaine des propri\u00e9taires et g\u00e9rants des salles de f\u00eates ainsi que le pr\u00e9sident de l\u2019association Rabitat Al Amal.<\/p>\n<p>Auteur: Mohamed Laabid<br \/>\n<a href=\"https:\/\/aujourdhui.ma\/economie\/pour-la-relance-economique-des-artisans-le-cri-souss-massa-et-glovo-mettent-la-main-dans-la-main\">Cliquez ici pour lire l&rsquo;article depuis sa source.<\/a><\/p>\n","protected":false},"excerpt":{"rendered":"<p>Le Centre r\u00e9gional d\u2019investissement Souss-Massa (CRI) et Glovo Maroc ont scell\u00e9 jeudi \u00e0 Agadir un partenariat pour la relance \u00e9conomique des artisans, coop\u00e9ratives et traiteurs de la r\u00e9gion Ils se rapprochent, en partant d\u2019une volont\u00e9 des deux parties de contribuer \u00e0 la relance socio-\u00e9conomique des \u00e9cosyst\u00e8mes des traiteurs, des artisans et des coop\u00e9ratives de la [&hellip;]<\/p>\n","protected":false},"author":1759,"featured_media":0,"comment_status":"closed","ping_status":"closed","sticky":false,"template":"","format":"standard","meta":{"fifu_image_url":"http:\/\/aujourdhui.ma\/wp-content\/uploads\/2021\/05\/CRI-et-Glovo-Maroc-.jpg","fifu_image_alt":"Pour la relance \u00e9conomique des artisans  : Le CRI Souss-Massa et Glovo mettent la main dans la main","footnotes":""},"categories":[73,54],"tags":[],"class_list":["post-116486","post","type-post","status-publish","format-standard","hentry","category-actualite","category-maroc"],"_links":{"self":[{"href":"https:\/\/linitiative.ca\/International\/wp-json\/wp\/v2\/posts\/116486","targetHints":{"allow":["GET"]}}],"collection":[{"href":"https:\/\/linitiative.ca\/International\/wp-json\/wp\/v2\/posts"}],"about":[{"href":"https:\/\/linitiative.ca\/International\/wp-json\/wp\/v2\/types\/post"}],"author":[{"embeddable":true,"href":"https:\/\/linitiative.ca\/International\/wp-json\/wp\/v2\/users\/1759"}],"replies":[{"embeddable":true,"href":"https:\/\/linitiative.ca\/International\/wp-json\/wp\/v2\/comments?post=116486"}],"version-history":[{"count":0,"href":"https:\/\/linitiative.ca\/International\/wp-json\/wp\/v2\/posts\/116486\/revisions"}],"wp:attachment":[{"href":"https:\/\/linitiative.ca\/International\/wp-json\/wp\/v2\/media?parent=116486"}],"wp:term":[{"taxonomy":"category","embeddable":true,"href":"https:\/\/linitiative.ca\/International\/wp-json\/wp\/v2\/categories?post=116486"},{"taxonomy":"post_tag","embeddable":true,"href":"https:\/\/linitiative.ca\/International\/wp-json\/wp\/v2\/tags?post=116486"}],"curies":[{"name":"wp","href":"https:\/\/api.w.org\/{rel}","templated":true}]}}