{"id":116487,"date":"2021-05-10T10:05:39","date_gmt":"2021-05-10T14:05:39","guid":{"rendered":"https:\/\/linitiative.ca\/International\/il-chante-arkan-el-islam-en-ce-ramadan-quand-said-senhaji-fait-dans-le-style-religieux\/"},"modified":"2021-05-10T10:05:39","modified_gmt":"2021-05-10T14:05:39","slug":"il-chante-arkan-el-islam-en-ce-ramadan-quand-said-senhaji-fait-dans-le-style-religieux","status":"publish","type":"post","link":"https:\/\/linitiative.ca\/International\/il-chante-arkan-el-islam-en-ce-ramadan-quand-said-senhaji-fait-dans-le-style-religieux\/","title":{"rendered":"Il chante \u00abArkan El Islam\u00bb en ce Ramadan : Quand Said Senhaji fait  dans le style religieux"},"content":{"rendered":"<figure class=\"post-thumbnail\" itemprop=\"associatedMedia\" itemscope=\"itemscope\" itemtype=\"http:\/\/schema.org\/ImageObject\"><img decoding=\"async\" class=\"post_layout_5_img\" src=\"http:\/\/aujourdhui.ma\/wp-content\/uploads\/2021\/04\/Said-Senhaji-.jpg\" alt=\"Il chante \u00abArkan El Islam\u00bb en ce Ramadan : Quand Said Senhaji fait dans le style religieux\"\/><\/figure>\n<p><span class=\"c7\"><strong>Ce ne sont pas seulement les artistes de musique classique qui lancent des singles religieux mais aussi du style cha\u00e2bi et A\u00efta.<\/strong><\/span><span id=\"more-376045\"\/><\/p>\n<p>C\u2019est le cas du chanteur marocain, Sa\u00efd Senhaji, qui a visiblement pour la premi\u00e8re fois lanc\u00e9, en ce Ramadan, un nouveau morceau religieux intitul\u00e9 \u00abArkan El Islam\u00bb (Les piliers de l\u2019Islam). Un tube qu\u2019il interpr\u00e8te en featuring avec les artistes Achraf Sultan et Karim El Jaouhari sur des paroles de Mustapha Greorges et un arrangement de Redouane Koubba pour un mastering de Taha Boulikdane. Quant au clip de cette \u0153uvre, il est r\u00e9alis\u00e9 par Redouane Wahbi.<br \/>Dans le vid\u00e9oclip, c\u2019est un Said Senhaji, exaltant les piliers de l\u2019Islam en implorant le Tout-Puissant en tenues traditionnelles et classiques, tout comme les deux autres artistes, que les m\u00e9lomanes d\u00e9couvrent. Aussi, les sc\u00e8nes de cette vid\u00e9o sont garnies de lectures du Coran et d\u2019images des Lieux-Saints.<\/p>\n<p>En lan\u00e7ant ce single religieux, l\u2019artiste marocain prouve qu\u2019il est capable de chanter en diff\u00e9rents styles hormis son genre de pr\u00e9dilection qui lui vaut le titre de sultan de la chanson populaire.<br \/>Si le chanteur a d\u00e9cid\u00e9 de faire dans ce style lors du mois sacr\u00e9, il a fait autrement bien avant. Ainsi, il a lanc\u00e9, avant le Ramadan, un single appel\u00e9 \u00abWah asahbi\u00bb (Qu\u2019est-ce qui te prend mon ami) avec le rappeur, Dandani. Outre ces \u0153uvres, Said Senhaji a d\u2019autres projets. \u00abD\u2019ici l\u2019\u00e9t\u00e9, il y aura tout le temps des nouveaut\u00e9s\u00bb, annonce Said Senhaji, n\u00e9 \u00e0 Casablanca, sur sa page officielle sur le r\u00e9seau social Instagram. En mars dernier, cet artiste, install\u00e9 en Espagne o\u00f9 il d\u00e9tient le salon \u00abSenhaji beauty\u00bb, a \u00e9galement lanc\u00e9 un tube d\u00e9di\u00e9 aux p\u00e8res. Bien avant, il a sorti un autre morceau appel\u00e9 \u00abMabkatch Ennya\u00bb (Il n\u2019y a plus de confiance). En fin d\u2019ann\u00e9e 2020, il s\u2019est \u00e9galement produit dans la soir\u00e9e de fin d\u2019ann\u00e9e diffus\u00e9e sur la cha\u00eene Al Aoula. En d\u00e9cembre de la m\u00eame ann\u00e9e, il a interpr\u00e9t\u00e9 le tube \u00abAicha\u00bb avec l\u2019artiste Aziz Marsafi.<\/p>\n<p>Tout au long de son parcours qu\u2019il a d\u00e9marr\u00e9 au Maroc, Said Senhaji, originaire de Taounate, a de plus sorti un grand nombre de morceaux en style populaire et anim\u00e9 plusieurs soir\u00e9es et concerts de par le Royaume et \u00e0 l\u2019\u00e9tranger. Il a aussi un certain nombre d\u2019albums \u00e0 l\u2019instar de \u00abLitime\u00bb (L\u2019orphelin) et \u00abYa lemima\u00bb (La maman).<br \/>L\u2019art semble lui couler dans les veines puisqu\u2019il s\u2019y est initi\u00e9 \u00e0 l\u2019\u00e2ge de 14 ans. C\u2019est son tube \u00abZid Dardeg Aoud Dardeg\u00bb (Danse non stop) qui lui a valu un succ\u00e8s aupr\u00e8s des fans de ce style d\u2019\u0153uvres.<\/p>\n<p>Auteur: Salima Guisser<br \/>\n<a href=\"https:\/\/aujourdhui.ma\/culture\/il-chante-arkan-el-islam-en-ce-ramadan-quand-said-senhaji-fait-dans-le-style-religieux\">Cliquez ici pour lire l&rsquo;article depuis sa source.<\/a><\/p>\n","protected":false},"excerpt":{"rendered":"<p>Ce ne sont pas seulement les artistes de musique classique qui lancent des singles religieux mais aussi du style cha\u00e2bi et A\u00efta. C\u2019est le cas du chanteur marocain, Sa\u00efd Senhaji, qui a visiblement pour la premi\u00e8re fois lanc\u00e9, en ce Ramadan, un nouveau morceau religieux intitul\u00e9 \u00abArkan El Islam\u00bb (Les piliers de l\u2019Islam). Un tube [&hellip;]<\/p>\n","protected":false},"author":1759,"featured_media":0,"comment_status":"closed","ping_status":"closed","sticky":false,"template":"","format":"standard","meta":{"fifu_image_url":"http:\/\/aujourdhui.ma\/wp-content\/uploads\/2021\/04\/Said-Senhaji-.jpg","fifu_image_alt":"Il chante \u00abArkan El Islam\u00bb en ce Ramadan : Quand Said Senhaji fait  dans le style religieux","footnotes":""},"categories":[73,54],"tags":[],"class_list":["post-116487","post","type-post","status-publish","format-standard","hentry","category-actualite","category-maroc"],"_links":{"self":[{"href":"https:\/\/linitiative.ca\/International\/wp-json\/wp\/v2\/posts\/116487","targetHints":{"allow":["GET"]}}],"collection":[{"href":"https:\/\/linitiative.ca\/International\/wp-json\/wp\/v2\/posts"}],"about":[{"href":"https:\/\/linitiative.ca\/International\/wp-json\/wp\/v2\/types\/post"}],"author":[{"embeddable":true,"href":"https:\/\/linitiative.ca\/International\/wp-json\/wp\/v2\/users\/1759"}],"replies":[{"embeddable":true,"href":"https:\/\/linitiative.ca\/International\/wp-json\/wp\/v2\/comments?post=116487"}],"version-history":[{"count":0,"href":"https:\/\/linitiative.ca\/International\/wp-json\/wp\/v2\/posts\/116487\/revisions"}],"wp:attachment":[{"href":"https:\/\/linitiative.ca\/International\/wp-json\/wp\/v2\/media?parent=116487"}],"wp:term":[{"taxonomy":"category","embeddable":true,"href":"https:\/\/linitiative.ca\/International\/wp-json\/wp\/v2\/categories?post=116487"},{"taxonomy":"post_tag","embeddable":true,"href":"https:\/\/linitiative.ca\/International\/wp-json\/wp\/v2\/tags?post=116487"}],"curies":[{"name":"wp","href":"https:\/\/api.w.org\/{rel}","templated":true}]}}