{"id":116490,"date":"2021-05-10T07:17:19","date_gmt":"2021-05-10T11:17:19","guid":{"rendered":"https:\/\/linitiative.ca\/International\/%ef%bb%bfune-mobilisation-sans-faille-des-forces-de-securite-pour-faire-respecter-le-couvre-feu-sanitaire-2\/"},"modified":"2021-05-10T07:17:19","modified_gmt":"2021-05-10T11:17:19","slug":"%ef%bb%bfune-mobilisation-sans-faille-des-forces-de-securite-pour-faire-respecter-le-couvre-feu-sanitaire-2","status":"publish","type":"post","link":"https:\/\/linitiative.ca\/International\/%ef%bb%bfune-mobilisation-sans-faille-des-forces-de-securite-pour-faire-respecter-le-couvre-feu-sanitaire-2\/","title":{"rendered":"\ufeffUne mobilisation sans faille des forces de s\u00e9curit\u00e9 pour faire respecter le couvre-feu sanitaire"},"content":{"rendered":"<p class=\"has-text-align-center has-vivid-red-color has-text-color\"><strong>La\u00e2youne<\/strong><\/p>\n<p><strong>Les forces de s\u00e9curit\u00e9 de la ville de La\u00e2youne font montre d\u2019une mobilisation sans faille pour faire respecter le couvre-feu nocturne d\u00e9cr\u00e9t\u00e9 par les autorit\u00e9s durant le mois sacr\u00e9 de Ramadan pour freiner la transmission du covid-19.<\/strong><\/p>\n<p>D\u00e9ploy\u00e9es dans tous les ronds-points et les coins strat\u00e9giques de la capitale du Sahara marocain, les forces de s\u00e9curit\u00e9, \u00e9paul\u00e9es par les agents d\u2019autorit\u00e9, veillent scrupuleusement \u00e0 la mise en \u0153uvre de cette mesure prise le 07 avril dernier par le gouvernement dans le cadre des mesures pr\u00e9ventives contre les risques de propagation des nouvelles souches du virus.<\/p>\n<p>Ainsi, plusieurs barrages ont \u00e9t\u00e9 \u00e9rig\u00e9s pour le contr\u00f4le des automobilistes et des pi\u00e9tons qui s\u2019aventurent dans la rue au-del\u00e0 de 20H, heure du d\u00e9but du couvre-feu.<\/p>\n<p>Et seules les personnes, dont la circulation nocturne est justifi\u00e9e ou motiv\u00e9e par la loi, sont autoris\u00e9es \u00e0 continuer leur chemin, alors que les contrevenants sont appr\u00e9hend\u00e9s pour s\u2019acquitter d\u2019une amende ou d\u00e9f\u00e9r\u00e9s devant le procureur selon les cas.<\/p>\n<p>Une \u00e9quipe de la MAP a constat\u00e9 le d\u00e9ploiement exceptionnel des forces de s\u00e9curit\u00e9 dans toutes les avenues et rues de La\u00e2youne, d\u00e9sertes inhabituellement durant ces nuits de Ramadan, un calme qui contraste avec la grande animation que conna\u00eet la ville de La\u00e2youne, et toutes les autres cit\u00e9s du Sahara marocain, \u00e0 l\u2019occasion de ce mois b\u00e9ni.<\/p>\n<p>Auteur: M&rsquo;hammed rahal<br \/>\n<a href=\"http:\/\/albayane.press.ma\/%EF%BB%BFune-mobilisation-sans-faille-des-forces-de-securite-pour-faire-respecter-le-couvre-feu-sanitaire-3.html\">Cliquez ici pour lire l&rsquo;article depuis sa source.<\/a><\/p>\n","protected":false},"excerpt":{"rendered":"<p>La\u00e2youne Les forces de s\u00e9curit\u00e9 de la ville de La\u00e2youne font montre d\u2019une mobilisation sans faille pour faire respecter le couvre-feu nocturne d\u00e9cr\u00e9t\u00e9 par les autorit\u00e9s durant le mois sacr\u00e9 de Ramadan pour freiner la transmission du covid-19. D\u00e9ploy\u00e9es dans tous les ronds-points et les coins strat\u00e9giques de la capitale du Sahara marocain, les forces [&hellip;]<\/p>\n","protected":false},"author":1760,"featured_media":0,"comment_status":"closed","ping_status":"closed","sticky":false,"template":"","format":"standard","meta":{"fifu_image_url":"","fifu_image_alt":"","footnotes":""},"categories":[73,54],"tags":[],"class_list":["post-116490","post","type-post","status-publish","format-standard","hentry","category-actualite","category-maroc"],"_links":{"self":[{"href":"https:\/\/linitiative.ca\/International\/wp-json\/wp\/v2\/posts\/116490","targetHints":{"allow":["GET"]}}],"collection":[{"href":"https:\/\/linitiative.ca\/International\/wp-json\/wp\/v2\/posts"}],"about":[{"href":"https:\/\/linitiative.ca\/International\/wp-json\/wp\/v2\/types\/post"}],"author":[{"embeddable":true,"href":"https:\/\/linitiative.ca\/International\/wp-json\/wp\/v2\/users\/1760"}],"replies":[{"embeddable":true,"href":"https:\/\/linitiative.ca\/International\/wp-json\/wp\/v2\/comments?post=116490"}],"version-history":[{"count":0,"href":"https:\/\/linitiative.ca\/International\/wp-json\/wp\/v2\/posts\/116490\/revisions"}],"wp:attachment":[{"href":"https:\/\/linitiative.ca\/International\/wp-json\/wp\/v2\/media?parent=116490"}],"wp:term":[{"taxonomy":"category","embeddable":true,"href":"https:\/\/linitiative.ca\/International\/wp-json\/wp\/v2\/categories?post=116490"},{"taxonomy":"post_tag","embeddable":true,"href":"https:\/\/linitiative.ca\/International\/wp-json\/wp\/v2\/tags?post=116490"}],"curies":[{"name":"wp","href":"https:\/\/api.w.org\/{rel}","templated":true}]}}