{"id":116492,"date":"2021-05-10T06:02:36","date_gmt":"2021-05-10T10:02:36","guid":{"rendered":"https:\/\/linitiative.ca\/International\/societe-ellouhoum-vers-laugmentation-du-capital-de-3-md-a-33-md\/"},"modified":"2021-05-10T06:02:36","modified_gmt":"2021-05-10T10:02:36","slug":"societe-ellouhoum-vers-laugmentation-du-capital-de-3-md-a-33-md","status":"publish","type":"post","link":"https:\/\/linitiative.ca\/International\/societe-ellouhoum-vers-laugmentation-du-capital-de-3-md-a-33-md\/","title":{"rendered":"Soci\u00e9t\u00e9 \u00ab Ellouhoum \u00bb : vers l\u2019augmentation du capital de 3 MD \u00e0 33 MD"},"content":{"rendered":"<div class=\"td-post-content\">\n<h2>La soci\u00e9t\u00e9 \u00ab Ellouhoum \u00bb projette d\u2019augmenter son capital de 3 MD \u00e0 33 MD. Et ce, afin de l\u2019aider \u00e0 surmonter les difficult\u00e9s qu\u2019elle endure.<\/h2>\n<p>En effet, la soci\u00e9t\u00e9 souffre d\u2019un d\u00e9ficit financier estim\u00e9 \u00e0 32 MD cumul\u00e9 depuis des ann\u00e9es. C\u2019est ce qu\u2019affirme le directeur g\u00e9n\u00e9ral de cette soci\u00e9t\u00e9 Tarek Ben Jezia. Pour rappel, \u00ab Ellouhoum \u00bb est une entreprise publique relevant du minist\u00e8re du Commerce.<\/p>\n<p>Ce d\u00e9ficit financier de la soci\u00e9t\u00e9 \u00ab Ellouhoum \u00bb n\u2019est pas choquant par rapport au d\u00e9ficit des\u00a0 entreprises publiques. Ainsi avance-t-il encore. En effet, cette entreprise a \u00e9t\u00e9 fond\u00e9e le 15 mai 1961. Elle a c\u00e9l\u00e9br\u00e9 en 2021, son soixanti\u00e8me anniversaire. Cette entreprise compte parmi les entreprises faciles \u00e0 sauver et une partie du d\u00e9ficit financier contient une garantie de l\u2019Etat. \u00ab\u00a0D\u2019o\u00f9 la volont\u00e9 de l\u2019Etat de r\u00e9activer cette garantie qui rend son redressement possible si les moyens sont disponibles\u00a0\u00bb, a-t-il pr\u00e9cis\u00e9.<\/p>\n<p>Le responsable a indiqu\u00e9 que la mise en place d\u2019un plan pour la restructuration de la soci\u00e9t\u00e9 repose sur la n\u00e9cessit\u00e9 d\u2019assainir sa situation financi\u00e8re \u00e0 travers la cession de certains biens immobiliers qui a un rapport direct sur l\u2019activit\u00e9 de l\u2019entreprise. Estimant que cet \u00e9tat de fait permettra de couvrir une partie du d\u00e9ficit financier.<\/p>\n<p>En outre M. Ben Jezia a imput\u00e9 le retard de la transformation de la soci\u00e9t\u00e9 en un p\u00f4le technique des viandes rouges, \u00e0 la divergence des opinions des responsables, oscillant entre le refus et l\u2019accord. Alors que l\u2019Etat a bien voulu concr\u00e9tiser cette d\u00e9marche de transformation.<\/p>\n<p>Cette op\u00e9ration ram\u00e8nera \u00e0 la privatisation des activit\u00e9s et des espaces. Mais pas la privatisation de la soci\u00e9t\u00e9 qui demeure une entreprise publique ind\u00e9pendante. Alors que l\u2019activit\u00e9 \u00e0 l\u2019int\u00e9rieur de ses locaux sera soumise \u00e0 l\u2019investissement priv\u00e9. \u00ab\u00a0Cette transformation n\u2019exclut pas le maintien de son r\u00f4le r\u00e9gulateur\u00a0\u00bb, insiste-t-il.<\/p>\n<p>Le responsable \u00e0 \u00e9voqu\u00e9 l\u2019existence de plusieurs locaux \u00e0 louer mis \u00e0 disposition des jeunes prometteurs ayant des id\u00e9es en rapport avec la fili\u00e8re des viandes rouges.<\/p>\n<h2>L\u2019entreprise publique s\u2019ouvre sur l\u2019investissement priv\u00e9<\/h2>\n<p>De plus, M. Ben Jezia a ajout\u00e9 qu\u2019actuellement un investisseur libyen d\u00e9j\u00e0 install\u00e9 dans l\u2019un des locaux de la soci\u00e9t\u00e9 a r\u00e9alis\u00e9 un projet pour exporter les appareils digestifs des animaux vers l\u2019Allemagne. Et ce, afin de les exploiter dans les op\u00e9rations chirurgicales. \u00ab\u00a0Ce qui montre clairement que la fili\u00e8re des viandes rouges, \u00e0 l\u2019exception des activit\u00e9s traditionnelles, est un cr\u00e9neau porteur\u00a0\u00bb, selon ses dires.<\/p>\n<p>Il a r\u00e9affirm\u00e9 qu\u2019il y avait plusieurs motifs pour la cr\u00e9ation d\u2019un p\u00f4le technique des viandes rouges en Tunisie. Partant de l\u2019actuel complexe de la soci\u00e9t\u00e9, en se r\u00e9f\u00e9rant aux exp\u00e9riences \u00e9trang\u00e8res en mati\u00e8re de d\u00e9veloppement du secteur des viandes rouges. Lesquelles s\u2019appuient sur la volont\u00e9 des diff\u00e9rents intervenants dans le secteur soit publics, soit priv\u00e9s.<\/p>\n<p>Avec TAP<\/p>\n<\/div>\n<footer>\n<\/footer>\n<div class=\"wp-post-author-wrap wp-post-author-shortcode left\">\n<h3 class=\"awpa-title\"\/>\n<div class=\"wp-post-author\">\n<div class=\"awpa-img awpa-author-block square\"><a href=\"http:\/\/lexpertjournal.net\/fr\/?author=5\"><img loading=\"lazy\" decoding=\"async\" alt=\"\" src=\"http:\/\/0.gravatar.com\/avatar\/97f8e10a1c1125ba104a76514ee07b16?s=150&amp;d=mm&amp;r=g\" srcset=\"http:\/\/0.gravatar.com\/avatar\/97f8e10a1c1125ba104a76514ee07b16?s=300&amp;d=mm&amp;r=g 2x\" class=\"avatar avatar-150 photo\" height=\"150\" width=\"150\"\/><\/a><\/div>\n<\/div>\n<\/div>\n<aside class=\"mashsb-container mashsb-main mashsb-stretched\">\n<\/aside>\n<p>Auteur: L&rsquo;expert<br \/>\n<a href=\"http:\/\/lexpertjournal.net\/fr\/?p=20006\">Cliquez ici pour lire l&rsquo;article depuis sa source.<\/a><\/p>\n","protected":false},"excerpt":{"rendered":"<p>La soci\u00e9t\u00e9 \u00ab Ellouhoum \u00bb projette d\u2019augmenter son capital de 3 MD \u00e0 33 MD. Et ce, afin de l\u2019aider \u00e0 surmonter les difficult\u00e9s qu\u2019elle endure. En effet, la soci\u00e9t\u00e9 souffre d\u2019un d\u00e9ficit financier estim\u00e9 \u00e0 32 MD cumul\u00e9 depuis des ann\u00e9es. C\u2019est ce qu\u2019affirme le directeur g\u00e9n\u00e9ral de cette soci\u00e9t\u00e9 Tarek Ben Jezia. Pour [&hellip;]<\/p>\n","protected":false},"author":1775,"featured_media":0,"comment_status":"closed","ping_status":"closed","sticky":false,"template":"","format":"standard","meta":{"fifu_image_url":"http:\/\/0.gravatar.com\/avatar\/97f8e10a1c1125ba104a76514ee07b16?s=150&d=mm&r=g","fifu_image_alt":"Soci\u00e9t\u00e9 \u00ab Ellouhoum \u00bb : vers l\u2019augmentation du capital de 3 MD \u00e0 33 MD","footnotes":""},"categories":[78,55],"tags":[],"class_list":["post-116492","post","type-post","status-publish","format-standard","hentry","category-economie","category-tunisie"],"_links":{"self":[{"href":"https:\/\/linitiative.ca\/International\/wp-json\/wp\/v2\/posts\/116492","targetHints":{"allow":["GET"]}}],"collection":[{"href":"https:\/\/linitiative.ca\/International\/wp-json\/wp\/v2\/posts"}],"about":[{"href":"https:\/\/linitiative.ca\/International\/wp-json\/wp\/v2\/types\/post"}],"author":[{"embeddable":true,"href":"https:\/\/linitiative.ca\/International\/wp-json\/wp\/v2\/users\/1775"}],"replies":[{"embeddable":true,"href":"https:\/\/linitiative.ca\/International\/wp-json\/wp\/v2\/comments?post=116492"}],"version-history":[{"count":0,"href":"https:\/\/linitiative.ca\/International\/wp-json\/wp\/v2\/posts\/116492\/revisions"}],"wp:attachment":[{"href":"https:\/\/linitiative.ca\/International\/wp-json\/wp\/v2\/media?parent=116492"}],"wp:term":[{"taxonomy":"category","embeddable":true,"href":"https:\/\/linitiative.ca\/International\/wp-json\/wp\/v2\/categories?post=116492"},{"taxonomy":"post_tag","embeddable":true,"href":"https:\/\/linitiative.ca\/International\/wp-json\/wp\/v2\/tags?post=116492"}],"curies":[{"name":"wp","href":"https:\/\/api.w.org\/{rel}","templated":true}]}}