{"id":116493,"date":"2021-05-10T06:04:59","date_gmt":"2021-05-10T10:04:59","guid":{"rendered":"https:\/\/linitiative.ca\/International\/poste-tunisienne-ouverture-exceptionnelle-des-structures-commerciales-les-10-et-11-mai\/"},"modified":"2021-05-10T06:04:59","modified_gmt":"2021-05-10T10:04:59","slug":"poste-tunisienne-ouverture-exceptionnelle-des-structures-commerciales-les-10-et-11-mai","status":"publish","type":"post","link":"https:\/\/linitiative.ca\/International\/poste-tunisienne-ouverture-exceptionnelle-des-structures-commerciales-les-10-et-11-mai\/","title":{"rendered":"Poste tunisienne : ouverture exceptionnelle des structures commerciales, les 10 et 11 mai"},"content":{"rendered":"<div class=\"td-post-content\">\n<h2>Les\u00a0<a href=\"https:\/\/www.poste.tn\/\" target=\"_blank\" rel=\"noopener noreferrer\">bureaux<\/a>\u00a0de poste, les agences Rapid-Poste et les agences de colis-postaux ouvriront exceptionnellement leurs portes, les 10 et 11 mai courant. C\u2019est ce qu\u2019a annonc\u00e9 samedi la Poste Tunisienne dans un communiqu\u00e9.<\/h2>\n<p>En effet, cette d\u00e9cision vise \u00e0 assurer les services financiers et postaux n\u00e9cessaires durant la p\u00e9riode de confinement sanitaire. Pour rappel, la Pr\u00e9sidence du gouvernement a\u00a0 d\u00e9cr\u00e9t\u00e9 un\u00a0<a href=\"http:\/\/www.leconomistemaghrebin.com\/2020\/04\/29\/covid-19-aujourdhui-strategie-nationale-confinement-sanitaire-cible-annoncee\/\" target=\"_blank\" rel=\"noopener noreferrer\">confinement sanitaire<\/a>\u00a0du 9 au 16 mai courant.<\/p>\n<p>Avec TAP<\/p>\n<\/div>\n<footer>\n<\/footer>\n<div class=\"wp-post-author-wrap wp-post-author-shortcode left\">\n<h3 class=\"awpa-title\"\/>\n<div class=\"wp-post-author\">\n<div class=\"awpa-img awpa-author-block square\"><a href=\"http:\/\/lexpertjournal.net\/fr\/?author=5\"><img loading=\"lazy\" decoding=\"async\" alt=\"\" src=\"http:\/\/0.gravatar.com\/avatar\/97f8e10a1c1125ba104a76514ee07b16?s=150&amp;d=mm&amp;r=g\" srcset=\"http:\/\/0.gravatar.com\/avatar\/97f8e10a1c1125ba104a76514ee07b16?s=300&amp;d=mm&amp;r=g 2x\" class=\"avatar avatar-150 photo\" height=\"150\" width=\"150\"\/><\/a><\/div>\n<\/div>\n<\/div>\n<aside class=\"mashsb-container mashsb-main mashsb-stretched\">\n<\/aside>\n<p>Auteur: L&rsquo;expert<br \/>\n<a href=\"http:\/\/lexpertjournal.net\/fr\/?p=20009\">Cliquez ici pour lire l&rsquo;article depuis sa source.<\/a><\/p>\n","protected":false},"excerpt":{"rendered":"<p>Les\u00a0bureaux\u00a0de poste, les agences Rapid-Poste et les agences de colis-postaux ouvriront exceptionnellement leurs portes, les 10 et 11 mai courant. C\u2019est ce qu\u2019a annonc\u00e9 samedi la Poste Tunisienne dans un communiqu\u00e9. En effet, cette d\u00e9cision vise \u00e0 assurer les services financiers et postaux n\u00e9cessaires durant la p\u00e9riode de confinement sanitaire. Pour rappel, la Pr\u00e9sidence du [&hellip;]<\/p>\n","protected":false},"author":1775,"featured_media":0,"comment_status":"closed","ping_status":"closed","sticky":false,"template":"","format":"standard","meta":{"fifu_image_url":"http:\/\/0.gravatar.com\/avatar\/97f8e10a1c1125ba104a76514ee07b16?s=150&d=mm&r=g","fifu_image_alt":"Poste tunisienne : ouverture exceptionnelle des structures commerciales, les 10 et 11 mai","footnotes":""},"categories":[78,55],"tags":[],"class_list":["post-116493","post","type-post","status-publish","format-standard","hentry","category-economie","category-tunisie"],"_links":{"self":[{"href":"https:\/\/linitiative.ca\/International\/wp-json\/wp\/v2\/posts\/116493","targetHints":{"allow":["GET"]}}],"collection":[{"href":"https:\/\/linitiative.ca\/International\/wp-json\/wp\/v2\/posts"}],"about":[{"href":"https:\/\/linitiative.ca\/International\/wp-json\/wp\/v2\/types\/post"}],"author":[{"embeddable":true,"href":"https:\/\/linitiative.ca\/International\/wp-json\/wp\/v2\/users\/1775"}],"replies":[{"embeddable":true,"href":"https:\/\/linitiative.ca\/International\/wp-json\/wp\/v2\/comments?post=116493"}],"version-history":[{"count":0,"href":"https:\/\/linitiative.ca\/International\/wp-json\/wp\/v2\/posts\/116493\/revisions"}],"wp:attachment":[{"href":"https:\/\/linitiative.ca\/International\/wp-json\/wp\/v2\/media?parent=116493"}],"wp:term":[{"taxonomy":"category","embeddable":true,"href":"https:\/\/linitiative.ca\/International\/wp-json\/wp\/v2\/categories?post=116493"},{"taxonomy":"post_tag","embeddable":true,"href":"https:\/\/linitiative.ca\/International\/wp-json\/wp\/v2\/tags?post=116493"}],"curies":[{"name":"wp","href":"https:\/\/api.w.org\/{rel}","templated":true}]}}