{"id":116494,"date":"2021-05-10T06:21:48","date_gmt":"2021-05-10T10:21:48","guid":{"rendered":"https:\/\/linitiative.ca\/International\/mechichi-en-visite-au-portugal-les-10-et-11-mai-2021\/"},"modified":"2021-05-10T06:21:48","modified_gmt":"2021-05-10T10:21:48","slug":"mechichi-en-visite-au-portugal-les-10-et-11-mai-2021","status":"publish","type":"post","link":"https:\/\/linitiative.ca\/International\/mechichi-en-visite-au-portugal-les-10-et-11-mai-2021\/","title":{"rendered":"Mechichi en visite au Portugal les 10 et 11 mai 2021"},"content":{"rendered":"<div class=\"field field-name-body field-type-text-with-summary field-label-hidden field-items field-item even\">\n<p>Le chef du gouvernement, Hichem Mechichi effectuera une visite au Portugal les 10 et 11 mai courant annonce la pr\u00e9sidence du gouvernement dans un communiqu\u00e9 publi\u00e9 aujourd\u2019hui, dimanche 9 mai 2021.<\/p>\n<p>Au cours de sa visite, le chef du gouvernement rencontrera le Premier ministre portugais Antonio Costa dont le pays assure la pr\u00e9sidence tournante du Conseil de l\u2019Union Europ\u00e9enne.<\/p>\n<p>Les entretiens porteront sur les moyens de d\u00e9velopper les relations politiques et \u00e9conomiques entre les deux pays et de renforcer les diff\u00e9rents volets de la coop\u00e9ration entre la Tunisie et l\u2019Union europ\u00e9enne en mati\u00e8re de lutte contre la pand\u00e9mie de Covid-19, ajoute le communiqu\u00e9.<\/p>\n<p>En sa qualit\u00e9 de ministre de l\u2019Int\u00e9rieur par int\u00e9rim, Hichem Mechichi participera \u00e9galement \u00e0 la Conf\u00e9rence euro-africaine sur la migration.<\/p>\n<p>A cette occasion, le chef du gouvernement aura une rencontre avec le ministre portugais de l\u2019Int\u00e9rieur ainsi qu\u2019avec plusieurs autres hauts responsables participant \u00e0 la m\u00eame rencontre.<\/p>\n<\/div>\n<div class=\"view view-frontpage view-id-frontpage view-display-id-block_related view-dom-id-756beef4a3acda8646ebdecd140fa798 view-content list-group\"><strong>espacemanager<\/strong><\/div>\n<div class=\"wp-post-author-wrap wp-post-author-shortcode left\">\n<h3 class=\"awpa-title\"\/>\n<div class=\"wp-post-author\">\n<div class=\"awpa-img awpa-author-block square\"><a href=\"http:\/\/lexpertjournal.net\/fr\/?author=5\"><img loading=\"lazy\" decoding=\"async\" alt=\"\" src=\"http:\/\/0.gravatar.com\/avatar\/97f8e10a1c1125ba104a76514ee07b16?s=150&amp;d=mm&amp;r=g\" srcset=\"http:\/\/0.gravatar.com\/avatar\/97f8e10a1c1125ba104a76514ee07b16?s=300&amp;d=mm&amp;r=g 2x\" class=\"avatar avatar-150 photo\" height=\"150\" width=\"150\"\/><\/a><\/div>\n<\/div>\n<\/div>\n<aside class=\"mashsb-container mashsb-main mashsb-stretched\">\n<\/aside>\n<p>Auteur: L&rsquo;expert<br \/>\n<a href=\"http:\/\/lexpertjournal.net\/fr\/?p=20011\">Cliquez ici pour lire l&rsquo;article depuis sa source.<\/a><\/p>\n","protected":false},"excerpt":{"rendered":"<p>Le chef du gouvernement, Hichem Mechichi effectuera une visite au Portugal les 10 et 11 mai courant annonce la pr\u00e9sidence du gouvernement dans un communiqu\u00e9 publi\u00e9 aujourd\u2019hui, dimanche 9 mai 2021. Au cours de sa visite, le chef du gouvernement rencontrera le Premier ministre portugais Antonio Costa dont le pays assure la pr\u00e9sidence tournante du [&hellip;]<\/p>\n","protected":false},"author":1775,"featured_media":0,"comment_status":"closed","ping_status":"closed","sticky":false,"template":"","format":"standard","meta":{"fifu_image_url":"http:\/\/0.gravatar.com\/avatar\/97f8e10a1c1125ba104a76514ee07b16?s=150&d=mm&r=g","fifu_image_alt":"Mechichi en visite au Portugal les 10 et 11 mai 2021","footnotes":""},"categories":[78,55],"tags":[],"class_list":["post-116494","post","type-post","status-publish","format-standard","hentry","category-economie","category-tunisie"],"_links":{"self":[{"href":"https:\/\/linitiative.ca\/International\/wp-json\/wp\/v2\/posts\/116494","targetHints":{"allow":["GET"]}}],"collection":[{"href":"https:\/\/linitiative.ca\/International\/wp-json\/wp\/v2\/posts"}],"about":[{"href":"https:\/\/linitiative.ca\/International\/wp-json\/wp\/v2\/types\/post"}],"author":[{"embeddable":true,"href":"https:\/\/linitiative.ca\/International\/wp-json\/wp\/v2\/users\/1775"}],"replies":[{"embeddable":true,"href":"https:\/\/linitiative.ca\/International\/wp-json\/wp\/v2\/comments?post=116494"}],"version-history":[{"count":0,"href":"https:\/\/linitiative.ca\/International\/wp-json\/wp\/v2\/posts\/116494\/revisions"}],"wp:attachment":[{"href":"https:\/\/linitiative.ca\/International\/wp-json\/wp\/v2\/media?parent=116494"}],"wp:term":[{"taxonomy":"category","embeddable":true,"href":"https:\/\/linitiative.ca\/International\/wp-json\/wp\/v2\/categories?post=116494"},{"taxonomy":"post_tag","embeddable":true,"href":"https:\/\/linitiative.ca\/International\/wp-json\/wp\/v2\/tags?post=116494"}],"curies":[{"name":"wp","href":"https:\/\/api.w.org\/{rel}","templated":true}]}}