{"id":116498,"date":"2021-05-10T11:42:19","date_gmt":"2021-05-10T15:42:19","guid":{"rendered":"https:\/\/linitiative.ca\/International\/campagne-cerealiere-des-mesures-incitatives-a-la-commercialisation-de-la-production-nationale\/"},"modified":"2021-05-10T11:42:19","modified_gmt":"2021-05-10T15:42:19","slug":"campagne-cerealiere-des-mesures-incitatives-a-la-commercialisation-de-la-production-nationale","status":"publish","type":"post","link":"https:\/\/linitiative.ca\/International\/campagne-cerealiere-des-mesures-incitatives-a-la-commercialisation-de-la-production-nationale\/","title":{"rendered":"Campagne c\u00e9r\u00e9ali\u00e8re: Des mesures incitatives \u00e0 la commercialisation de la production nationale"},"content":{"rendered":"<p class=\"c4\">Une s\u00e9rie de mesures incitatives ont \u00e9t\u00e9 prises afin d\u2019assurer une bonne campagne de commercialisation des c\u00e9r\u00e9ales, au titre de la campagne agricole 2020-2021, a annonc\u00e9 lundi le minist\u00e8re de l\u2019Agriculture, de la P\u00eache maritime, du D\u00e9veloppement rural et des Eaux et for\u00eats.<\/p>\n<p class=\"c4\">\u00ab\u00a0Dans l\u2019objectif d\u2019assurer une bonne campagne de commercialisation des c\u00e9r\u00e9ales et permettre aux agriculteurs de commercialiser leur r\u00e9colte dans les meilleures conditions et \u00e0 des prix r\u00e9mun\u00e9rateurs, une s\u00e9rie de mesures ont \u00e9t\u00e9 prises par une d\u00e9cision conjointe du ministre de l\u2019Agriculture, de la P\u00eache Maritime, du D\u00e9veloppement Rural et des Eaux et For\u00eats et du ministre de l\u2019Economie, des Finances et de la R\u00e9forme de l\u2019Administration\u00a0\u00bb, indique-t-on dans un communiqu\u00e9 du minist\u00e8re de l\u2019Agriculture.<\/p>\n<p class=\"c4\">Et de noter que la campagne agricole c\u00e9r\u00e9ali\u00e8re 2020-2021 a enregistr\u00e9 un tr\u00e8s bon niveau de production estim\u00e9 \u00e0 98 millions de quintaux (MQx), dont 48,2 MQx de Bl\u00e9 tendre, 23,4 MQx de Bl\u00e9 dur et 26 MQx d\u2019orge.<\/p>\n<p class=\"c4\">En plus des conditions climatiques favorables, ces r\u00e9sultats ont \u00e9t\u00e9 enregistr\u00e9s gr\u00e2ce \u00e0 la combinaison des efforts des agriculteurs et l\u2019impact positif de la strat\u00e9gie agricole, d\u00e9ploy\u00e9s lors de la derni\u00e8re d\u00e9cennie dans le cadre du Plan Maroc Vert, en termes notamment de s\u00e9lection vari\u00e9tale, de disponibilit\u00e9 des semences s\u00e9lectionn\u00e9es, de m\u00e9canisation agricole, d\u2019itin\u00e9raire technique, d\u2019assurance agricole et de conseil agricole, pr\u00e9cise la m\u00eame source.<\/p>\n<p class=\"c4\">Concernant les mesures incitatives \u00e0 la commercialisation de la production nationale, le communiqu\u00e9 fait savoir qu\u2019il s\u2019agit d\u2019un prix de r\u00e9f\u00e9rence fix\u00e9 \u00e0 280 Dh\/quintal, rendu moulin pour une qualit\u00e9 standard, une subvention forfaitaire de 5 Dh\/quintal au profit des quantit\u00e9s commercialis\u00e9es de bl\u00e9 tendre de production nationale \u00e9tal\u00e9e jusqu\u2019au 31 octobre 2021 et une prime de magasinage de 2 Dh\/quintal par quinzaine pour la quantit\u00e9 globale de bl\u00e9 tendre collect\u00e9e. Octroy\u00e9e aux organismes stockeurs, cette prime sera servie jusqu\u2019\u00e0 fin d\u00e9cembre 2021.<\/p>\n<p class=\"c4\">\u00a0Pour ce qui est des mesures relatives aux droits de douane, pour le bl\u00e9 tendre, les droits de douane \u00e0 l\u2019importation seront relev\u00e9s \u00e0 135% \u00e0 partir du 15 mai 2021, tandis que pour le bl\u00e9 dur, les droits de douane \u00e0 l\u2019importation seront relev\u00e9s \u00e0 170% \u00e0 partir du 1er juin 2021. La p\u00e9riode de la prime de restitution \u00e0 l\u2019importation prendra fin le 15 mai 2021. Cette prime a \u00e9t\u00e9 instaur\u00e9e pour assurer l\u2019approvisionnement du march\u00e9 suite \u00e0 la flamb\u00e9e des prix au niveau mondial.<\/p>\n<p class=\"c4\">Le minist\u00e8re souligne en outre que les appels d\u2019offres de bl\u00e9 tendre destin\u00e9 \u00e0 l\u2019approvisionnement des minoteries industrielles pour la fabrication des farines subventionn\u00e9es seront r\u00e9serv\u00e9s en priorit\u00e9 \u00e0 la r\u00e9colte nationale.<\/p>\n<p class=\"c4\">Quant au volet sensibilisation et incitation \u00e0 la collecte de la production nationale, la m\u00eame source indique qu\u2019une r\u00e9union pr\u00e9sid\u00e9e par le Secr\u00e9taire G\u00e9n\u00e9ral du minist\u00e8re de l\u2019Agriculture a \u00e9t\u00e9 tenue avec les professionnels, notamment la F\u00e9d\u00e9ration Interprofessionnelle des activit\u00e9s de c\u00e9r\u00e9ales (FIAC) repr\u00e9sent\u00e9e par la F\u00e9d\u00e9ration Nationale des Minoteries Industrielles et la F\u00e9d\u00e9ration des N\u00e9gociants en C\u00e9r\u00e9ales et L\u00e9gumineuses pour la sensibilisation \u00e0 la collecte de la production nationale. Ces derniers ont exprim\u00e9 leur engagement \u00e0 assurer la collecte de la production.<\/p>\n<p class=\"c4\">Il est \u00e0 signaler que l\u2019analyse des premiers \u00e9chantillons de la r\u00e9colte de 2021, pr\u00e9lev\u00e9s par le Laboratoire de l\u2019ONICL au niveau de la zone de Abda, montre un bon niveau de qualit\u00e9, avec un tr\u00e8s bon poids sp\u00e9cifique de l\u2019ordre de 79,9 Kg\/Hl, soit 3 points de plus que le poids standard, avec un max de 82 Kg\/Hl et un bon taux de prot\u00e9ines, de l\u2019ordre de 13%.<\/p>\n<p>Auteur: Soufiane ELAHMAR<br \/>\n<a href=\"http:\/\/www.mapoujda.ma\/fr\/campagne-cerealiere-des-mesures-incitatives-a-la-commercialisation-de-la-production-nationale\/\">Cliquez ici pour lire l&rsquo;article depuis sa source.<\/a><\/p>\n","protected":false},"excerpt":{"rendered":"<p>Une s\u00e9rie de mesures incitatives ont \u00e9t\u00e9 prises afin d\u2019assurer une bonne campagne de commercialisation des c\u00e9r\u00e9ales, au titre de la campagne agricole 2020-2021, a annonc\u00e9 lundi le minist\u00e8re de l\u2019Agriculture, de la P\u00eache maritime, du D\u00e9veloppement rural et des Eaux et for\u00eats. \u00ab\u00a0Dans l\u2019objectif d\u2019assurer une bonne campagne de commercialisation des c\u00e9r\u00e9ales et permettre [&hellip;]<\/p>\n","protected":false},"author":1788,"featured_media":0,"comment_status":"closed","ping_status":"closed","sticky":false,"template":"","format":"standard","meta":{"fifu_image_url":"","fifu_image_alt":"","footnotes":""},"categories":[54,76],"tags":[],"class_list":["post-116498","post","type-post","status-publish","format-standard","hentry","category-maroc","category-regions"],"_links":{"self":[{"href":"https:\/\/linitiative.ca\/International\/wp-json\/wp\/v2\/posts\/116498","targetHints":{"allow":["GET"]}}],"collection":[{"href":"https:\/\/linitiative.ca\/International\/wp-json\/wp\/v2\/posts"}],"about":[{"href":"https:\/\/linitiative.ca\/International\/wp-json\/wp\/v2\/types\/post"}],"author":[{"embeddable":true,"href":"https:\/\/linitiative.ca\/International\/wp-json\/wp\/v2\/users\/1788"}],"replies":[{"embeddable":true,"href":"https:\/\/linitiative.ca\/International\/wp-json\/wp\/v2\/comments?post=116498"}],"version-history":[{"count":0,"href":"https:\/\/linitiative.ca\/International\/wp-json\/wp\/v2\/posts\/116498\/revisions"}],"wp:attachment":[{"href":"https:\/\/linitiative.ca\/International\/wp-json\/wp\/v2\/media?parent=116498"}],"wp:term":[{"taxonomy":"category","embeddable":true,"href":"https:\/\/linitiative.ca\/International\/wp-json\/wp\/v2\/categories?post=116498"},{"taxonomy":"post_tag","embeddable":true,"href":"https:\/\/linitiative.ca\/International\/wp-json\/wp\/v2\/tags?post=116498"}],"curies":[{"name":"wp","href":"https:\/\/api.w.org\/{rel}","templated":true}]}}