{"id":116499,"date":"2021-05-10T12:56:48","date_gmt":"2021-05-10T16:56:48","guid":{"rendered":"https:\/\/linitiative.ca\/International\/deces-de-reinhard-janik-un-decouvreur-de-talents-a-oujda-aux-annees-50\/"},"modified":"2021-05-10T12:56:48","modified_gmt":"2021-05-10T16:56:48","slug":"deces-de-reinhard-janik-un-decouvreur-de-talents-a-oujda-aux-annees-50","status":"publish","type":"post","link":"https:\/\/linitiative.ca\/International\/deces-de-reinhard-janik-un-decouvreur-de-talents-a-oujda-aux-annees-50\/","title":{"rendered":"D\u00e9c\u00e8s de Reinhard Janik, un d\u00e9couvreur de talents \u00e0 Oujda aux ann\u00e9es 50"},"content":{"rendered":"<p class=\"c4\">Le franco-allemand Reinhard Janik, qui s\u2019est \u00e9teint dimanche en France \u00e0 l\u2019\u00e2ge de 93 ans, fut un entra\u00eeneur d\u2019\u00e9ducation physique \u00e0 Oujda et lui revient le m\u00e9rite d\u2019avoir d\u00e9couvert de nombreux talents dans la ville, notamment des joueurs de rugby, dans les ann\u00e9es 50 et jusqu\u2019\u00e0 la fin des ann\u00e9es 80.<\/p>\n<p class=\"c4\">Parmi ces joueurs, il convient de citer Souilmi, Moumen, les fr\u00e8res Zaoui et Jalti et Abdelatif Benazzi qui a regagn\u00e9, gr\u00e2ce \u00e0 Reinhard, l\u2019\u00e9quipe nationale juniors en 1958 avant de s\u2019envoler pour la France o\u00f9 il a fait sa carri\u00e8re professionnelle.<\/p>\n<p class=\"c4\">Le d\u00e9funt a \u00e9galement contribu\u00e9 au d\u00e9veloppement du rugby au niveau scolaire et \u00e0 la cr\u00e9ation du Club Sportif d\u2019Oujda.<\/p>\n<p class=\"c4\">\u00ab\u00a0La mort de Reinhard Janik est une grande perte pour le sport national en g\u00e9n\u00e9ral et pour le sport oujdi en particulier\u00a0\u00bb, a d\u00e9plor\u00e9 lundi le porte-parole du Mouloudia Club d\u2019Oujda (MCO), Hassan Merzak, l\u2019une des personnes qui ont c\u00f4toy\u00e9 le d\u00e9funt.<\/p>\n<p class=\"c4\">Reinhard, a-t-il indiqu\u00e9 dans une d\u00e9claration \u00e0 la MAP, a grandement contribu\u00e9 \u00e0 la d\u00e9couverte de nombreux talents dans le judo, l\u2019athl\u00e9tisme\u2026, \u00ab\u00a0mais son empreinte \u00e9tait clairement \u00e9vidente dans le rugby qu\u2019il enseignait dans les \u00e9tablissements scolaires o\u00f9 il a travaill\u00e9 apr\u00e8s l\u2019ind\u00e9pendance en tant qu\u2019entra\u00eeneur d\u2019\u00e9ducation physique et sportive.<\/p>\n<p class=\"c4\">Et comme l\u2019a si bien dit Abdelatif Benazzi \u00e0 plusieurs reprises, a poursuivi le responsable au MCO, Reinhard Janick a \u00e9t\u00e9 le premier \u00e0 pr\u00eater attention \u00e0 ses comp\u00e9tences physiques et techniques et a \u00e9t\u00e9 \u00e0 l\u2019origine de son int\u00e9gration au d\u00e9but des ann\u00e9es 80 au sein de l\u2019\u00e9quipe nationale juniors de rugby, o\u00f9 il a commenc\u00e9 son rayonnement au niveau national, puis en France o\u00f9 il a jou\u00e9 pour l\u2019\u00e9quipe nationale.<\/p>\n<p class=\"c4\">Hassan Merzak a conclu que la relation du d\u00e9funt avec les sportifs marocains qu\u2019il a encadr\u00e9s dans la ville d\u2019Oujda a \u00e9t\u00e9 maintenue pendant des ann\u00e9es, puisque sa derni\u00e8re visite dans la r\u00e9gion de l\u2019Oriental ne remonte pas loin qu\u2019au d\u00e9but de l\u2019ann\u00e9e 2020.<\/p>\n<p>Auteur: Soufiane ELAHMAR<br \/>\n<a href=\"http:\/\/www.mapoujda.ma\/fr\/deces-de-reinhard-janik-un-decouvreur-de-talents-a-oujda-aux-annees-50\/\">Cliquez ici pour lire l&rsquo;article depuis sa source.<\/a><\/p>\n","protected":false},"excerpt":{"rendered":"<p>Le franco-allemand Reinhard Janik, qui s\u2019est \u00e9teint dimanche en France \u00e0 l\u2019\u00e2ge de 93 ans, fut un entra\u00eeneur d\u2019\u00e9ducation physique \u00e0 Oujda et lui revient le m\u00e9rite d\u2019avoir d\u00e9couvert de nombreux talents dans la ville, notamment des joueurs de rugby, dans les ann\u00e9es 50 et jusqu\u2019\u00e0 la fin des ann\u00e9es 80. Parmi ces joueurs, il [&hellip;]<\/p>\n","protected":false},"author":1788,"featured_media":0,"comment_status":"closed","ping_status":"closed","sticky":false,"template":"","format":"standard","meta":{"fifu_image_url":"","fifu_image_alt":"","footnotes":""},"categories":[54,76],"tags":[],"class_list":["post-116499","post","type-post","status-publish","format-standard","hentry","category-maroc","category-regions"],"_links":{"self":[{"href":"https:\/\/linitiative.ca\/International\/wp-json\/wp\/v2\/posts\/116499","targetHints":{"allow":["GET"]}}],"collection":[{"href":"https:\/\/linitiative.ca\/International\/wp-json\/wp\/v2\/posts"}],"about":[{"href":"https:\/\/linitiative.ca\/International\/wp-json\/wp\/v2\/types\/post"}],"author":[{"embeddable":true,"href":"https:\/\/linitiative.ca\/International\/wp-json\/wp\/v2\/users\/1788"}],"replies":[{"embeddable":true,"href":"https:\/\/linitiative.ca\/International\/wp-json\/wp\/v2\/comments?post=116499"}],"version-history":[{"count":0,"href":"https:\/\/linitiative.ca\/International\/wp-json\/wp\/v2\/posts\/116499\/revisions"}],"wp:attachment":[{"href":"https:\/\/linitiative.ca\/International\/wp-json\/wp\/v2\/media?parent=116499"}],"wp:term":[{"taxonomy":"category","embeddable":true,"href":"https:\/\/linitiative.ca\/International\/wp-json\/wp\/v2\/categories?post=116499"},{"taxonomy":"post_tag","embeddable":true,"href":"https:\/\/linitiative.ca\/International\/wp-json\/wp\/v2\/tags?post=116499"}],"curies":[{"name":"wp","href":"https:\/\/api.w.org\/{rel}","templated":true}]}}