{"id":116501,"date":"2021-05-10T11:04:58","date_gmt":"2021-05-10T15:04:58","guid":{"rendered":"https:\/\/linitiative.ca\/International\/fes-moulay-yacoub-144-millions-de-dh-pour-lutter-contre-lhabitat-insalubre\/"},"modified":"2021-05-10T11:04:58","modified_gmt":"2021-05-10T15:04:58","slug":"fes-moulay-yacoub-144-millions-de-dh-pour-lutter-contre-lhabitat-insalubre","status":"publish","type":"post","link":"https:\/\/linitiative.ca\/International\/fes-moulay-yacoub-144-millions-de-dh-pour-lutter-contre-lhabitat-insalubre\/","title":{"rendered":"F\u00e8s\/ Moulay Yacoub: 144 millions de DH pour lutter contre l\u2019habitat insalubre"},"content":{"rendered":"<p class=\"rtejustify\">Pour lutter contre l\u2019habitat insalubre, une enveloppe de 144 millions de DH sera consacr\u00e9e \u00e0 divers projets \u00e0 F\u00e8s et Moulay Yacoub. Ces projets seront r\u00e9alis\u00e9s dans le cadre de conventions de partenariat sign\u00e9es entre le minist\u00e8re de l\u2019am\u00e9nagement du territoire national, de l\u2019urbanisme, de l\u2019habitat et de la politique de la ville, la wilaya de la r\u00e9gion F\u00e8s-Mekn\u00e8s, le conseil de la r\u00e9gion F\u00e8s-Mekn\u00e8s et les pr\u00e9fectures et provinces concern\u00e9es.<\/p>\n<p class=\"rtejustify\">Au total, 7.000 habitants sont concern\u00e9s par le relogement. Le projet de lutte contre l\u2019habitat insalubre mobilisera 78,5 millions de DH, alors que 65,8 millions de DH seront d\u00e9di\u00e9s \u00e0 un fonds de financement du programme de r\u00e9habilitation du b\u00e2ti mena\u00e7ant et \u00e0 la lutte contre les bidonvilles.<\/p>\n<p>Auteur: hgueye<br \/>\n<a href=\"https:\/\/www.leconomiste.com\/flash-infos\/fes-moulay-yacoub-144-millions-de-dh-pour-lutter-contre-l-habitat-insalubre\">Cliquez ici pour lire l&rsquo;article depuis sa source.<\/a><\/p>\n","protected":false},"excerpt":{"rendered":"<p>Pour lutter contre l\u2019habitat insalubre, une enveloppe de 144 millions de DH sera consacr\u00e9e \u00e0 divers projets \u00e0 F\u00e8s et Moulay Yacoub. Ces projets seront r\u00e9alis\u00e9s dans le cadre de conventions de partenariat sign\u00e9es entre le minist\u00e8re de l\u2019am\u00e9nagement du territoire national, de l\u2019urbanisme, de l\u2019habitat et de la politique de la ville, la wilaya [&hellip;]<\/p>\n","protected":false},"author":1763,"featured_media":0,"comment_status":"closed","ping_status":"closed","sticky":false,"template":"","format":"standard","meta":{"fifu_image_url":"","fifu_image_alt":"","footnotes":""},"categories":[78,54],"tags":[],"class_list":["post-116501","post","type-post","status-publish","format-standard","hentry","category-economie","category-maroc"],"_links":{"self":[{"href":"https:\/\/linitiative.ca\/International\/wp-json\/wp\/v2\/posts\/116501","targetHints":{"allow":["GET"]}}],"collection":[{"href":"https:\/\/linitiative.ca\/International\/wp-json\/wp\/v2\/posts"}],"about":[{"href":"https:\/\/linitiative.ca\/International\/wp-json\/wp\/v2\/types\/post"}],"author":[{"embeddable":true,"href":"https:\/\/linitiative.ca\/International\/wp-json\/wp\/v2\/users\/1763"}],"replies":[{"embeddable":true,"href":"https:\/\/linitiative.ca\/International\/wp-json\/wp\/v2\/comments?post=116501"}],"version-history":[{"count":0,"href":"https:\/\/linitiative.ca\/International\/wp-json\/wp\/v2\/posts\/116501\/revisions"}],"wp:attachment":[{"href":"https:\/\/linitiative.ca\/International\/wp-json\/wp\/v2\/media?parent=116501"}],"wp:term":[{"taxonomy":"category","embeddable":true,"href":"https:\/\/linitiative.ca\/International\/wp-json\/wp\/v2\/categories?post=116501"},{"taxonomy":"post_tag","embeddable":true,"href":"https:\/\/linitiative.ca\/International\/wp-json\/wp\/v2\/tags?post=116501"}],"curies":[{"name":"wp","href":"https:\/\/api.w.org\/{rel}","templated":true}]}}