{"id":116502,"date":"2021-05-10T11:11:01","date_gmt":"2021-05-10T15:11:01","guid":{"rendered":"https:\/\/linitiative.ca\/International\/algerie-tebboune-somme-des-entreprises-de-rompre-leurs-contrats-avec-des-societes-marocaines\/"},"modified":"2021-05-10T11:11:01","modified_gmt":"2021-05-10T15:11:01","slug":"algerie-tebboune-somme-des-entreprises-de-rompre-leurs-contrats-avec-des-societes-marocaines","status":"publish","type":"post","link":"https:\/\/linitiative.ca\/International\/algerie-tebboune-somme-des-entreprises-de-rompre-leurs-contrats-avec-des-societes-marocaines\/","title":{"rendered":"Alg\u00e9rie: Tebboune somme des entreprises de rompre leurs contrats avec des soci\u00e9t\u00e9s marocaines"},"content":{"rendered":"<p class=\"rtejustify\">Alger ordonne \u00e0 ses entreprises de rompre leurs contrats avec les soci\u00e9t\u00e9s \u00e9trang\u00e8res. Dans une missive du pr\u00e9sident alg\u00e9rien dat\u00e9e du 25 avril, il est demand\u00e9 aux entreprises alg\u00e9riennes\u00a0de rompre leurs contrats avec des soci\u00e9t\u00e9s \u00e9trang\u00e8res, notamment marocaines, susceptibles de \u00ab\u00a0porter atteinte\u00a0\u00bb au pays et \u00ab\u00a0\u00e0 sa s\u00e9curit\u00e9\u00a0\u00bb. C&rsquo;est ce que rapportent les m\u00e9dias locaux.<\/p>\n<p class=\"rtejustify\">Alger, pour justifier cette missive, parle de \u00ab\u00a0graves atteintes \u00e0 la s\u00e9curit\u00e9 nationale du fait d&rsquo;entreprises publiques et priv\u00e9es qui ont nou\u00e9 des relations contractuelles avec des entit\u00e9s \u00e9trang\u00e8res sans consid\u00e9rations des int\u00e9r\u00eats \u00e9conomiques et strat\u00e9giques du pays\u00a0\u00bb.<\/p>\n<p class=\"rtejustify\">Quelques soci\u00e9t\u00e9s seulement sont nomm\u00e9es dans cette nouvelle instruction pr\u00e9sidentielle, dont Djezzy, un op\u00e9rateur de t\u00e9l\u00e9phonie mobile d\u00e9tenu \u00e0 51% par l&rsquo;\u00e9tat alg\u00e9rien, la Soci\u00e9t\u00e9 nationale d&rsquo;assurance (SAA) et la Compagnie alg\u00e9rienne d&rsquo;assurance et de r\u00e9assurance (CAAR). Ces soci\u00e9t\u00e9s sont accus\u00e9es d&rsquo;avoir \u00ab\u00a0sign\u00e9 des contrats avec des entreprises d&rsquo;origine marocaine\u00a0\u00bb.<\/p>\n<p>Auteur: hgueye<br \/>\n<a href=\"https:\/\/www.leconomiste.com\/flash-infos\/algerie-tebboune-somme-des-entreprises-de-rompre-leurs-contrats-avec-des-societes\">Cliquez ici pour lire l&rsquo;article depuis sa source.<\/a><\/p>\n","protected":false},"excerpt":{"rendered":"<p>Alger ordonne \u00e0 ses entreprises de rompre leurs contrats avec les soci\u00e9t\u00e9s \u00e9trang\u00e8res. Dans une missive du pr\u00e9sident alg\u00e9rien dat\u00e9e du 25 avril, il est demand\u00e9 aux entreprises alg\u00e9riennes\u00a0de rompre leurs contrats avec des soci\u00e9t\u00e9s \u00e9trang\u00e8res, notamment marocaines, susceptibles de \u00ab\u00a0porter atteinte\u00a0\u00bb au pays et \u00ab\u00a0\u00e0 sa s\u00e9curit\u00e9\u00a0\u00bb. C&rsquo;est ce que rapportent les m\u00e9dias locaux. [&hellip;]<\/p>\n","protected":false},"author":1763,"featured_media":0,"comment_status":"closed","ping_status":"closed","sticky":false,"template":"","format":"standard","meta":{"fifu_image_url":"","fifu_image_alt":"","footnotes":""},"categories":[78,54],"tags":[],"class_list":["post-116502","post","type-post","status-publish","format-standard","hentry","category-economie","category-maroc"],"_links":{"self":[{"href":"https:\/\/linitiative.ca\/International\/wp-json\/wp\/v2\/posts\/116502","targetHints":{"allow":["GET"]}}],"collection":[{"href":"https:\/\/linitiative.ca\/International\/wp-json\/wp\/v2\/posts"}],"about":[{"href":"https:\/\/linitiative.ca\/International\/wp-json\/wp\/v2\/types\/post"}],"author":[{"embeddable":true,"href":"https:\/\/linitiative.ca\/International\/wp-json\/wp\/v2\/users\/1763"}],"replies":[{"embeddable":true,"href":"https:\/\/linitiative.ca\/International\/wp-json\/wp\/v2\/comments?post=116502"}],"version-history":[{"count":0,"href":"https:\/\/linitiative.ca\/International\/wp-json\/wp\/v2\/posts\/116502\/revisions"}],"wp:attachment":[{"href":"https:\/\/linitiative.ca\/International\/wp-json\/wp\/v2\/media?parent=116502"}],"wp:term":[{"taxonomy":"category","embeddable":true,"href":"https:\/\/linitiative.ca\/International\/wp-json\/wp\/v2\/categories?post=116502"},{"taxonomy":"post_tag","embeddable":true,"href":"https:\/\/linitiative.ca\/International\/wp-json\/wp\/v2\/tags?post=116502"}],"curies":[{"name":"wp","href":"https:\/\/api.w.org\/{rel}","templated":true}]}}